{"id":88051,"date":"2025-11-24T02:01:37","date_gmt":"2025-11-24T02:01:37","guid":{"rendered":"https:\/\/www.europesays.com\/se\/88051\/"},"modified":"2025-11-24T02:01:37","modified_gmt":"2025-11-24T02:01:37","slug":"pavens-leica-saldes-for-enorm-summa-drottningens-blev-betydligt-billigare","status":"publish","type":"post","link":"https:\/\/www.europesays.com\/se\/88051\/","title":{"rendered":"P\u00e5vens Leica s\u00e5ldes f\u00f6r enorm summa \u2013 Drottningens blev betydligt billigare"},"content":{"rendered":"<p>                          Auktion<\/p>\n<p class=\"articleingress\">I helgen s\u00e5ldes m\u00e5nga s\u00e4llynta och unika kameror och objektiv p\u00e5 <a href=\"https:\/\/www.leitz-auction.com\/en\/Cameras\/Online-Catalogue\/\" rel=\"nofollow noopener\" target=\"_blank\">Leitz Photographica Auction<\/a>.<\/p>\n<p>H\u00f6gst pris inbringade en Leica M-A som gjorts till den f\u00f6rre p\u00e5ven.<\/p>\n<p>Betydligt billigare blev drottning Elisabeth II:s reserv-Leica M3 med ett pris p\u00e5 bara 1,5 miljoner kronor.<\/p>\n<p>Det mest unika med den Leica M-A som p\u00e5ve Franciskus som fick av Leica Camera AG 2024 \u00e4r inte att den gav till honom eller att den fick en speciell ingravering, utan att kamerahuset har serienummer 5 000\u00a0000.<\/p>\n<p>Med kameran f\u00f6ljer en <a href=\"https:\/\/www.fotosidan.se\/cldoc\/prylnytt\/leica-noctilux-m-50-mm-f.htm\" rel=\"nofollow noopener\" target=\"_blank\">Leica Noctilux-M 50 mm f\/1,2 Asph<\/a> ur den nygamla Classic-serien<\/p>\n<p><a href=\"https:\/\/www.leitz-auction.com\/en\/Leica-M-A-no.5000000-Pope-Francis\/A02119\" rel=\"nofollow noopener\" target=\"_blank\">P\u00e5vens Leica s\u00e5ldes f\u00f6r 6\u00a0500\u00a0000 euro<\/a>, motsvarande cirka 71,5 miljoner kronor.<\/p>\n<p>\u00a0<a href=\"https:\/\/www.europesays.com\/se\/wp-content\/uploads\/2025\/11\/949374.jpg\" rel=\"lightbox\"><img decoding=\"async\" src=\"https:\/\/www.europesays.com\/se\/wp-content\/uploads\/2025\/11\/949374.jpg\" alt=\"\" rel=\"lightbox\" class=\"lightbox\" data-cli=\"DocumentPart-949374\"\/><\/a><\/p>\n<p>Den Leica M3 med Summicron 50 mm f\/2 som drottning Elisabeth II fick V\u00e4sttysklands president den 1958, eller r\u00e4ttare sagt den identiska reservkamera som f\u00f6ljde med, klubbades f\u00f6r 156\u00a0000 euro. Objektivet \u00e4r extra ovanligt d\u00e5 det saknar serienummer.<\/p>\n<p>\u00a0Bland dyrgriparna p\u00e5 auktionen fanns bland annat en svart sliten Leica MP som gick f\u00f6r 900\u00a0000 euro, en Leica 1 Luxus i guld med matchande kikare som s\u00e5ldes f\u00f6r 360\u00a0000 euro och en 250-bilders Leica 250 GG Reporter med motor som klubbades f\u00f6r 312\u00a0000 euro.<\/p>\n<p><a href=\"https:\/\/www.europesays.com\/se\/wp-content\/uploads\/2025\/11\/949375.jpg\" rel=\"lightbox\"><img decoding=\"async\" src=\"https:\/\/www.europesays.com\/se\/wp-content\/uploads\/2025\/11\/949375.jpg\" alt=\"\" rel=\"lightbox\" class=\"lightbox\" data-cli=\"DocumentPart-949375\"\/><\/a><\/p>\n<p>Det dyraste objektivet blev en prototyp till Leica Noctilux 50 mm f\/1,2 som gick f\u00f6r 264 00 euro.<\/p>\n<p>\u00a0<a href=\"https:\/\/www.europesays.com\/se\/wp-content\/uploads\/2025\/11\/949376.jpg\" rel=\"lightbox\"><img decoding=\"async\" src=\"https:\/\/www.europesays.com\/se\/wp-content\/uploads\/2025\/11\/949376.jpg\" alt=\"\" rel=\"lightbox\" class=\"lightbox\" data-cli=\"DocumentPart-949376\"\/><\/a><\/p>\n<p>Allt som glimmar \u00e4r inte Leicor. Det ropades \u00e4ven ut kameror och objektiv fr\u00e5n andra m\u00e4rken. En ovanlig Contax med pistolgrepp blev dock os\u00e5ld liksom ett Meyer G\u00f6rlitz Kino Plasmat 75 mm f\/1,5 med M39 Leica-g\u00e4nga.<\/p>\n<p><a href=\"https:\/\/www.europesays.com\/se\/wp-content\/uploads\/2025\/11\/949377.jpg\" rel=\"lightbox\"><img decoding=\"async\" src=\"https:\/\/www.europesays.com\/se\/wp-content\/uploads\/2025\/11\/949377.jpg\" alt=\"\" rel=\"lightbox\" class=\"lightbox\" data-cli=\"DocumentPart-949377\"\/><\/a><\/p>\n<p>B\u00e4ttre gick det f\u00f6r ett Nikon Nikkor AI 13 mm f\/5,6 som s\u00e5ldes f\u00f6r 24\u00a0000 euro.<\/p>\n<p>Billigast p\u00e5 auktionen blev en <a href=\"https:\/\/www.leitz-auction.com\/en\/Rollei-Magic-II-The-Second\/A02573\" rel=\"nofollow noopener\" target=\"_blank\">Rollei Magic II The Second<\/a> och <a href=\"https:\/\/www.leitz-auction.com\/en\/Rollei-Magic-II-The-Second\/A02573\" rel=\"nofollow noopener\" target=\"_blank\">Voigtl\u00e4nder Bergheil Deluxe<\/a>. De s\u00e5ldes b\u00e5da f\u00f6r 360 euro vardera.<\/p>\n<p>      \t\t\t<img decoding=\"async\" src=\"https:\/\/www.europesays.com\/se\/wp-content\/uploads\/2025\/08\/f2117752c045dc283223ad728e8d8f03.jpg\" border=\"0\" alt=\"\"\/>\t\t\t\t<\/p>\n<p>Publicerad 2025-11-23. <\/p>\n","protected":false},"excerpt":{"rendered":"Auktion I helgen s\u00e5ldes m\u00e5nga s\u00e4llynta och unika kameror och objektiv p\u00e5 Leitz Photographica Auction. H\u00f6gst pris inbringade&hellip;\n","protected":false},"author":2,"featured_media":88052,"comment_status":"","ping_status":"","sticky":false,"template":"","format":"standard","meta":{"footnotes":""},"categories":[67],"tags":[9213,104,5809,34,31,33,32,30,105],"class_list":{"0":"post-88051","1":"post","2":"type-post","3":"status-publish","4":"format-standard","5":"has-post-thumbnail","7":"category-underhallning","8":"tag-auktion","9":"tag-entertainment","10":"tag-leica","11":"tag-se","12":"tag-svenska","13":"tag-sverige","14":"tag-sweden","15":"tag-swedish","16":"tag-underhallning"},"share_on_mastodon":{"url":"https:\/\/pubeurope.com\/@se\/115602213191366926","error":""},"_links":{"self":[{"href":"https:\/\/www.europesays.com\/se\/wp-json\/wp\/v2\/posts\/88051","targetHints":{"allow":["GET"]}}],"collection":[{"href":"https:\/\/www.europesays.com\/se\/wp-json\/wp\/v2\/posts"}],"about":[{"href":"https:\/\/www.europesays.com\/se\/wp-json\/wp\/v2\/types\/post"}],"author":[{"embeddable":true,"href":"https:\/\/www.europesays.com\/se\/wp-json\/wp\/v2\/users\/2"}],"replies":[{"embeddable":true,"href":"https:\/\/www.europesays.com\/se\/wp-json\/wp\/v2\/comments?post=88051"}],"version-history":[{"count":0,"href":"https:\/\/www.europesays.com\/se\/wp-json\/wp\/v2\/posts\/88051\/revisions"}],"wp:featuredmedia":[{"embeddable":true,"href":"https:\/\/www.europesays.com\/se\/wp-json\/wp\/v2\/media\/88052"}],"wp:attachment":[{"href":"https:\/\/www.europesays.com\/se\/wp-json\/wp\/v2\/media?parent=88051"}],"wp:term":[{"taxonomy":"category","embeddable":true,"href":"https:\/\/www.europesays.com\/se\/wp-json\/wp\/v2\/categories?post=88051"},{"taxonomy":"post_tag","embeddable":true,"href":"https:\/\/www.europesays.com\/se\/wp-json\/wp\/v2\/tags?post=88051"}],"curies":[{"name":"wp","href":"https:\/\/api.w.org\/{rel}","templated":true}]}}