{"id":88087,"date":"2025-11-24T03:13:15","date_gmt":"2025-11-24T03:13:15","guid":{"rendered":"https:\/\/www.europesays.com\/se\/88087\/"},"modified":"2025-11-24T03:13:15","modified_gmt":"2025-11-24T03:13:15","slug":"the-last-of-us-studions-rymdaventyr-slapps-inte-2026","status":"publish","type":"post","link":"https:\/\/www.europesays.com\/se\/88087\/","title":{"rendered":"&#8221;The Last of Us&#8221;-studions rymd\u00e4ventyr sl\u00e4pps inte 2026"},"content":{"rendered":"<p>Efter framg\u00e5ngarna med franchisen \u201dThe Last of Us\u201d som f\u00f6rst spel och sedan en lyckad tv-serie p\u00e5 HBO, <strong>\u00e4r utvecklarna Naughty Dog redo f\u00f6r n\u00e5got nytt<\/strong>.<\/p>\n<p>Deras n\u00e4sta spel heter <strong>\u201dIntergalactic: The Heretic Prophet\u201d<\/strong>, d\u00e4r vi ser <strong>Tati Gabrielle <\/strong>(\u201dUncharted\u201d, \u201dMortal Kombat 2\u201d) som prisj\u00e4garen prisj\u00e4garen Jordan A. Mun.<\/p>\n<p>I jakt p\u00e5 ett brottssyndikat ledd av n\u00e5gon som verkar spelas av <strong>Kumail Nanjiani<\/strong>\u00a0 kraschlandar hon p\u00e5 en avl\u00e4gsen planet, som inte haft kontakt med resten av universum p\u00e5 hundratals \u00e5r.<\/p>\n<p><img loading=\"lazy\" decoding=\"async\" width=\"648\" height=\"365\" alt=\"\" class=\"wp-image-685735 perfmatters-lazy\" src=\"https:\/\/www.europesays.com\/se\/wp-content\/uploads\/2025\/11\/intergalactic-heretic-prophet-648x365.jpg\"  data-\/><\/p>\n<p>Spelet visades f\u00f6r f\u00f6rsta g\u00e5ngen p\u00e5 The Game Awards 2024, men <strong>det verkar dr\u00f6ja tills spelet sl\u00e4pps<\/strong>.<\/p>\n<p>Nu rapporterar <a href=\"https:\/\/x.com\/JeffGrubb\/status\/1992314144029036932\" rel=\"nofollow\">Jeff Grubb<\/a> p\u00e5 Giant Bomb att \u201dIntergalactic: The Heretic Prophet\u201d inte kommer dyka upp igen under \u00e5rets show.<\/p>\n<p>Dessutom menar reportern <a href=\"https:\/\/www.reddit.com\/r\/GamingLeaksAndRumours\/comments\/1p3zwoe\/comment\/nq8f5f9\/\" rel=\"nofollow noopener\" target=\"_blank\">Jason Schreier<\/a> p\u00e5 Bloomberg att spelet <strong>inte \u00e4r planerat att sl\u00e4ppas under 2026<\/strong>.<\/p>\n<p>Naughty Dog har \u00e4n s\u00e5 l\u00e4nge inte sl\u00e4ppt n\u00e5got helt nytt spel till Playstation 5, utan endast nyversioner av \u201dThe Last of Us\u201d. <\/p>\n<p>Vi har tidigare rapporterat om att <a href=\"https:\/\/www.moviezine.se\/nyheter\/nar-slapps-egentligen-playstation-6\" rel=\"nofollow noopener\" target=\"_blank\">Playstation 6 ska sl\u00e4ppas \u201dom n\u00e5gra \u00e5r\u201d<\/a>, men som tidigast 2027. Spelet skulle allts\u00e5 kunna sl\u00e4ppas p\u00e5 PS6.<\/p>\n<p>Naughty Dog har <a href=\"https:\/\/www.moviezine.se\/nyheter\/intergalactic-ar-the-last-of-us-studions-dyraste-spel\" rel=\"nofollow noopener\" target=\"_blank\">tidigare sagt<\/a> att \u201dIntergalactic\u201d \u00e4r deras <strong>dyraste och mest ambiti\u00f6sa spel hittills<\/strong>. Det ska dessutom handla en hel del om religion, som s\u00e4kert kan v\u00e4cka en hel del kritik.<\/p>\n<p><img loading=\"lazy\" decoding=\"async\" alt=\"YouTube video\" width=\"480\" height=\"360\" data-pin-nopin=\"true\" nopin=\"nopin\" class=\"perfmatters-lazy\" src=\"https:\/\/www.europesays.com\/se\/wp-content\/uploads\/2025\/11\/1763953995_217_hqdefault.jpg\"\/><\/p>\n<p>L\u00e4s ocks\u00e5: <a href=\"https:\/\/www.moviezine.se\/nyheter\/recension-dispatch-ar-en-revansch-for-narrativa-spel\" title=\"Recension: Aaron Paul g\u00f6r superhj\u00e4ltedebut i briljanta \u201dDispatch\u201d\" class=\"underline-custom !font-montserrat !font-bold !underline-offset-4 !decoration-4 !decoration-moviezine-green !text-md\" rel=\"nofollow noopener\" target=\"_blank\">Recension: Aaron Paul g\u00f6r superhj\u00e4ltedebut i briljanta \u201dDispatch\u201d<\/a><\/p>\n<p>L\u00e4s ocks\u00e5: <a href=\"https:\/\/www.moviezine.se\/nyheter\/efter-hatet-mot-the-last-of-us-part-ii-gor-naughty-dog-spel-om-tro-och-religion\" title=\"Efter hatet mot \u201dThe Last of Us Part II\u201d g\u00f6r Naughty Dog spel om \u201dtro och religion\u201d\" class=\"underline-custom !font-montserrat !font-bold !underline-offset-4 !decoration-4 !decoration-moviezine-green !text-md\" rel=\"nofollow noopener\" target=\"_blank\">Efter hatet mot \u201dThe Last of Us Part II\u201d g\u00f6r Naughty Dog spel om \u201dtro och religion\u201d<\/a><\/p>\n","protected":false},"excerpt":{"rendered":"Efter framg\u00e5ngarna med franchisen \u201dThe Last of Us\u201d som f\u00f6rst spel och sedan en lyckad tv-serie p\u00e5 HBO,&hellip;\n","protected":false},"author":2,"featured_media":88088,"comment_status":"","ping_status":"","sticky":false,"template":"","format":"standard","meta":{"footnotes":""},"categories":[67],"tags":[104,2011,34,31,33,32,30,2012,105],"class_list":{"0":"post-88087","1":"post","2":"type-post","3":"status-publish","4":"format-standard","5":"has-post-thumbnail","7":"category-underhallning","8":"tag-entertainment","9":"tag-playstation","10":"tag-se","11":"tag-svenska","12":"tag-sverige","13":"tag-sweden","14":"tag-swedish","15":"tag-tv-spel","16":"tag-underhallning"},"share_on_mastodon":{"url":"https:\/\/pubeurope.com\/@se\/115602496333802608","error":""},"_links":{"self":[{"href":"https:\/\/www.europesays.com\/se\/wp-json\/wp\/v2\/posts\/88087","targetHints":{"allow":["GET"]}}],"collection":[{"href":"https:\/\/www.europesays.com\/se\/wp-json\/wp\/v2\/posts"}],"about":[{"href":"https:\/\/www.europesays.com\/se\/wp-json\/wp\/v2\/types\/post"}],"author":[{"embeddable":true,"href":"https:\/\/www.europesays.com\/se\/wp-json\/wp\/v2\/users\/2"}],"replies":[{"embeddable":true,"href":"https:\/\/www.europesays.com\/se\/wp-json\/wp\/v2\/comments?post=88087"}],"version-history":[{"count":0,"href":"https:\/\/www.europesays.com\/se\/wp-json\/wp\/v2\/posts\/88087\/revisions"}],"wp:featuredmedia":[{"embeddable":true,"href":"https:\/\/www.europesays.com\/se\/wp-json\/wp\/v2\/media\/88088"}],"wp:attachment":[{"href":"https:\/\/www.europesays.com\/se\/wp-json\/wp\/v2\/media?parent=88087"}],"wp:term":[{"taxonomy":"category","embeddable":true,"href":"https:\/\/www.europesays.com\/se\/wp-json\/wp\/v2\/categories?post=88087"},{"taxonomy":"post_tag","embeddable":true,"href":"https:\/\/www.europesays.com\/se\/wp-json\/wp\/v2\/tags?post=88087"}],"curies":[{"name":"wp","href":"https:\/\/api.w.org\/{rel}","templated":true}]}}