{"id":88126,"date":"2025-11-24T05:37:09","date_gmt":"2025-11-24T05:37:09","guid":{"rendered":"https:\/\/www.europesays.com\/se\/88126\/"},"modified":"2025-11-24T05:37:09","modified_gmt":"2025-11-24T05:37:09","slug":"pernilla-wahlgrens-svar-pa-fracka-fragan-i-p1-det-ar-ju-sant","status":"publish","type":"post","link":"https:\/\/www.europesays.com\/se\/88126\/","title":{"rendered":"Pernilla Wahlgrens svar p\u00e5 fr\u00e4cka fr\u00e5gan i P1: \u201dDet \u00e4r ju sant\u201d"},"content":{"rendered":"<p>Publicerad 24 nov 2025 kl 05.58<\/p>\n<p>I <a href=\"https:\/\/www.sverigesradio.se\/avsnitt\/pernilla-wahlgren-nu-har-folk-fattat-att-jag-ar-en-rolig-prick\" rel=\"nofollow noopener\" target=\"_blank\">\u201dP1 Kultur\u201d<\/a> s\u00e4ger Pernilla Wahlgren att en del av framg\u00e5ngsreceptet bakom \u201dWahlgrens v\u00e4rld\u201d \u00e4r igenk\u00e4nningsfaktorn i programmet.\u00a0<\/p>\n<p>D\u00e5 f\u00e5r hon en fr\u00e4ck fr\u00e5ga till svar.\u00a0<\/p>\n<p>\u2013 Hur m\u00e5nga hus har du nu, Pernilla? fr\u00e5gar programledaren Roger Wilson.<\/p>\n<p>Prislapp: Tre miljoner \u2022 \u201dChampagne!\u201d<img loading=\"lazy\"   alt=\"\"\/><\/p>\n<p>I \u201dP1 Kultur\u201d ber\u00e4ttade Pernilla Wahlgren och Johan Pr\u00e5mell och framg\u00e5ngsreceptet bakom \u201dWahlgrens v\u00e4rld\u201d.<\/p>\n<p>Foto: Karin T\u00f6rnblom \/ IBL<\/p>\n<p>\u00d6ppna bild i helsk\u00e4rm<img loading=\"lazy\"   alt=\"\"\/><\/p>\n<p>Pernilla Wahlgren och dottern Bianca Ingrosso.<\/p>\n<p>Foto: Henrik Montgomery\/TT \/ TT NEWS AGENCY \/ TT NYHETSBYR\u00c5N<\/p>\n<p>\u00d6ppna bild i helsk\u00e4rm<img loading=\"lazy\"   alt=\"\"\/><\/p>\n<p>I intervjun fr\u00e5gar programledaren hur m\u00e5nga hus Wahlgren \u00e4ger \u2013 och ett av dem \u00e4r huset p\u00e5 Liding\u00f6 i Stockholm.<\/p>\n<p>Foto: HENRIK ISAKSSON \/ IBL<\/p>\n<p>\u00d6ppna bild i helsk\u00e4rm<img loading=\"lazy\"   alt=\"\"\/><\/p>\n<p>Wahlgren framf\u00f6r huset p\u00e5 Liding\u00f6.<\/p>\n<p>Foto: OLLE SPORRONG<\/p>\n<p>\u00d6ppna bild i helsk\u00e4rm<\/p>\n<p>Tidigare i veckan g\u00e4stade tv-profilen <a href=\"https:\/\/www.expressen.se\/tagg\/person\/pernilla-wahlgren\/\" class=\"\" rel=\"nofollow noopener\" target=\"_blank\">Pernilla Wahlgren<\/a> \u201dP1 Kultur\u201d tillsammans med producenten Johan Pr\u00e5mell som st\u00e5r bakom realityserien \u201dWahlgrens v\u00e4rld\u201d.\u00a0<\/p>\n<p>Under intervjun pratade de om succ\u00e9n som serien blivit till, och de b\u00e5da var \u00f6verens om att en del av framg\u00e5ngsreceptet \u00e4r att tittarna kan relatera till familjen Wahlgren.\u00a0<\/p>\n<p>D\u00e5 st\u00e4ller programledaren Roger Wilson en fr\u00e5ga som r\u00f6r tv-profilens ekonomi:<\/p>\n<p>\u2013 Kan ni bli f\u00f6r rika i familjen d\u00e5 f\u00f6r att identifikationen fortfarande ska finnas kvar? Hur m\u00e5nga hus har du nu, Pernilla?<\/p>\n<p>Pernilla skrattar och funderar \u00f6ver hur hon ska formulera sig.\u00a0<\/p>\n<p>\u2013 Ja, nej, men det \u00e4r ju sant. D\u00e4r j\u00e4mf\u00f6r vi ju oss \u2013 p\u00e5 en mycket, mycket mindre planhalva, men \u00e4nd\u00e5 \u2013 med Kardashians som ocks\u00e5 var, inte alls, s\u00e5 framg\u00e5ngsrika och rika som de var n\u00e4r de b\u00f6rjade. Men det \u00e4r ocks\u00e5 intressant att f\u00e5 f\u00f6lja det h\u00e4r och tittarna har varit med fr\u00e5n gr\u00f6na huset till d\u00e4r jag \u00e4r i dag med lite fler hus, lite st\u00f6rre, s\u00e4ger Pernilla Wahlgren.\u00a0<\/p>\n<p>\u201dBianca ska vi ju inte tala om\u201d<\/p>\n<p>Vidare kommenterar hon dottern Bianca Ingrossos egen framg\u00e5ng som entrepren\u00f6r och influencer, vilket genererat m\u00e5ngmiljonbelopp.<\/p>\n<p>\u2013 Bianca ska vi ju inte tala om liksom, som mest l\u00e5g p\u00e5 soffan hemma och inte gjorde n\u00e5gonting, s\u00e4ger Wahlgren.<\/p>\n","protected":false},"excerpt":{"rendered":"Publicerad 24 nov 2025 kl 05.58 I \u201dP1 Kultur\u201d s\u00e4ger Pernilla Wahlgren att en del av framg\u00e5ngsreceptet bakom&hellip;\n","protected":false},"author":2,"featured_media":88127,"comment_status":"","ping_status":"","sticky":false,"template":"","format":"standard","meta":{"footnotes":""},"categories":[67],"tags":[104,2681,580,357,34,31,33,32,30,310,105],"class_list":{"0":"post-88126","1":"post","2":"type-post","3":"status-publish","4":"format-standard","5":"has-post-thumbnail","7":"category-underhallning","8":"tag-entertainment","9":"tag-organization-wahlgrens-varld","10":"tag-person-bianca-ingrosso","11":"tag-person-pernilla-wahlgren","12":"tag-se","13":"tag-svenska","14":"tag-sverige","15":"tag-sweden","16":"tag-swedish","17":"tag-topic-kandisar","18":"tag-underhallning"},"share_on_mastodon":{"url":"https:\/\/pubeurope.com\/@se\/115603062373315735","error":""},"_links":{"self":[{"href":"https:\/\/www.europesays.com\/se\/wp-json\/wp\/v2\/posts\/88126","targetHints":{"allow":["GET"]}}],"collection":[{"href":"https:\/\/www.europesays.com\/se\/wp-json\/wp\/v2\/posts"}],"about":[{"href":"https:\/\/www.europesays.com\/se\/wp-json\/wp\/v2\/types\/post"}],"author":[{"embeddable":true,"href":"https:\/\/www.europesays.com\/se\/wp-json\/wp\/v2\/users\/2"}],"replies":[{"embeddable":true,"href":"https:\/\/www.europesays.com\/se\/wp-json\/wp\/v2\/comments?post=88126"}],"version-history":[{"count":0,"href":"https:\/\/www.europesays.com\/se\/wp-json\/wp\/v2\/posts\/88126\/revisions"}],"wp:featuredmedia":[{"embeddable":true,"href":"https:\/\/www.europesays.com\/se\/wp-json\/wp\/v2\/media\/88127"}],"wp:attachment":[{"href":"https:\/\/www.europesays.com\/se\/wp-json\/wp\/v2\/media?parent=88126"}],"wp:term":[{"taxonomy":"category","embeddable":true,"href":"https:\/\/www.europesays.com\/se\/wp-json\/wp\/v2\/categories?post=88126"},{"taxonomy":"post_tag","embeddable":true,"href":"https:\/\/www.europesays.com\/se\/wp-json\/wp\/v2\/tags?post=88126"}],"curies":[{"name":"wp","href":"https:\/\/api.w.org\/{rel}","templated":true}]}}