{"id":88213,"date":"2025-11-24T07:43:10","date_gmt":"2025-11-24T07:43:10","guid":{"rendered":"https:\/\/www.europesays.com\/se\/88213\/"},"modified":"2025-11-24T07:43:10","modified_gmt":"2025-11-24T07:43:10","slug":"slender-man-flickan-gripen-efter-rymning-varlden","status":"publish","type":"post","link":"https:\/\/www.europesays.com\/se\/88213\/","title":{"rendered":"Slender Man-flickan gripen efter rymning | V\u00e4rlden"},"content":{"rendered":"<p>Publicerad 24 nov 2025 kl 03.59Uppdaterad kl 07.40<\/p>\n<p>Slender Man-flickan Morgan Geyser var p\u00e5 rymmen i timmar innan hon greps igen.<\/p>\n<p>22-\u00e5ringen klippte av sin fotboja och l\u00e4mnade sitt boende i l\u00f6rdags, rapporterar <a href=\"https:\/\/abcnews.go.com\/US\/slender-man-stabbing-assailant-morgan-geyser-flees-wisconsin\/story?id=127803086\" rel=\"nofollow noopener\" target=\"_blank\">ABC News<\/a>.<\/p>\n<p>Geyser har suttit inl\u00e5st sedan hon som 12-\u00e5ring knivh\u00f6gg en klasskamrat 19 g\u00e5nger.<\/p>\n<p><img   alt=\"\"\/><\/p>\n<p>Morgan Geyser \u00e4r p\u00e5 rymmen<\/p>\n<p>Foto: Morry Gash \/ TT<\/p>\n<p>\u00d6ppna bild i helsk\u00e4rm<img loading=\"lazy\"   alt=\"\"\/><\/p>\n<p>Morgan Geyser d\u00f6mdes till 40 \u00e5r efter mordf\u00f6rs\u00f6ket p\u00e5 sin b\u00e4sta v\u00e4n.<\/p>\n<p>Foto: REX \/ TT<\/p>\n<p>\u00d6ppna bild i helsk\u00e4rm<\/p>\n<p>Slender Man-d\u00e5det i <a href=\"https:\/\/www.expressen.se\/tagg\/location\/wisconsin\/\" class=\"\" rel=\"nofollow noopener\" target=\"_blank\">Wisconsin<\/a> 2014 fick stor internationell uppm\u00e4rksamhet. Morgan Geyser och hennes v\u00e4n Anissa Weier var 12 \u00e5r n\u00e4r de lurade med sig sin klasskamrat Payton Leutner till en park i Waukesha. D\u00e4r knivh\u00f6gg de henne 19 g\u00e5nger, som ett offer till den p\u00e5hittade internetfiguren Slender Man.\u00a0<\/p>\n<p>Geyser och Weier ber\u00e4ttade f\u00f6r polisen att de trodde att Slender Man skulle skada deras familjer om de inte knivh\u00f6gg sin v\u00e4n.\u00a0<\/p>\n<p>Mirakul\u00f6st nog \u00f6verlevde offret det v\u00e5ldsamma angreppet och lyckades krypa i s\u00e4kerhet tills hon hittades av en f\u00f6rbipasserande cyklist.<\/p>\n<p>Geyser erk\u00e4nde mordf\u00f6rs\u00f6k, placerades p\u00e5 r\u00e4ttspsykiatrisk anstalt och d\u00f6mdes till 40 \u00e5r.\u00a0<\/p>\n<p>Rymde fr\u00e5n boende<\/p>\n<p>Tidigare i \u00e5r best\u00e4mdes att Geyser skulle friges fr\u00e5n Winnebago Mental Health Institute och flyttas till ett gruppboende, efter att tre psykologer vittnat om att hon var redo. Detta trots inv\u00e4ndningar om att hon hade haft \u201dv\u00e5ldsam\u201d kommunikation med en man och att hon p\u00e5 anstalten hade l\u00e4st en bok med \u201dteman av sexuell sadism och mord\u201d.<\/p>\n<p>P\u00e5 s\u00f6ndagen kom sedan nyheten att hon flytt fr\u00e5n boendet efter att ha klippt av sin fotboja. Jakten p\u00e5gick sent inp\u00e5 kv\u00e4llen, lokal tid. Och p\u00e5 m\u00e5ndagsmorgonen svensk tid har hon \u00e5ter gripits av polis, rapporterar <a href=\"https:\/\/www.foxnews.com\/us\/manhunt-launched-convicted-slender-man-stabber-who-cut-off-monitoring-bracelet-fled-facility\" rel=\"nofollow noopener\" target=\"_blank\">Fox News<\/a>.<\/p>\n<p>Enligt polisen har hon f\u00f6rts till ett f\u00f6rvar i delstaten Illinois.<\/p>\n<p>Blev besatt<\/p>\n<p>I en intervju med <a href=\"https:\/\/abcnews.go.com\/US\/slender-man-stabbing-victim-speaks-publicly-time-situation\/story?id=66268385\" rel=\"nofollow noopener\" target=\"_blank\">ABC:s 20\/20<\/a> f\u00f6r n\u00e5gra \u00e5r sedan ber\u00e4ttade Peyton Leutner om hur hennes b\u00e4sta v\u00e4n hade blivit alltmer besatt av Slender Man under \u00e5ret f\u00f6re attacken. Kv\u00e4llen innan \u00f6verfallet firade de tre flickorna Geysers 12-\u00e5rsdag med ett pyjamasparty. P\u00e5 morgonen gick de till parken. V\u00e4l d\u00e4r skulle de leka kurrag\u00f6mma.<\/p>\n<p>\u2013 Anissa bad mig att l\u00e4gga mig p\u00e5 marken och t\u00e4cka mig med pinnar och l\u00f6v och s\u00e5nt, f\u00f6r att g\u00f6mma mig p\u00e5 n\u00e5got s\u00e4tt. Men det var egentligen bara ett trick f\u00f6r att f\u00e5 ner mig, ber\u00e4ttade hon d\u00e5.<\/p>\n<p>D\u00e4refter b\u00f6rjade attacken med en k\u00f6kskniv som Geyser tagit med sig hemifr\u00e5n.<\/p>\n","protected":false},"excerpt":{"rendered":"Publicerad 24 nov 2025 kl 03.59Uppdaterad kl 07.40 Slender Man-flickan Morgan Geyser var p\u00e5 rymmen i timmar innan&hellip;\n","protected":false},"author":2,"featured_media":88214,"comment_status":"","ping_status":"","sticky":false,"template":"","format":"standard","meta":{"footnotes":""},"categories":[14],"tags":[22,23,26,27,17,21,24,25,4052,28,29,15,16,18,34,55,31,33,32,30,19,436,20,51,52,53,54],"class_list":{"0":"post-88213","1":"post","2":"type-post","3":"status-publish","4":"format-standard","5":"has-post-thumbnail","7":"category-varlden","8":"tag-breaking-news","9":"tag-breakingnews","10":"tag-featured-news","11":"tag-featurednews","12":"tag-headlines","13":"tag-huvudnyheter","14":"tag-latest-news","15":"tag-latestnews","16":"tag-location-wisconsin","17":"tag-main-news","18":"tag-mainnews","19":"tag-news","20":"tag-nyheter","21":"tag-rubriker","22":"tag-se","23":"tag-sections-varlden","24":"tag-svenska","25":"tag-sverige","26":"tag-sweden","27":"tag-swedish","28":"tag-top-stories","29":"tag-topic-valdsbrott-mord","30":"tag-topstories","31":"tag-varlden","32":"tag-world","33":"tag-world-news","34":"tag-worldnews"},"share_on_mastodon":{"url":"https:\/\/pubeurope.com\/@se\/115603557793295812","error":""},"_links":{"self":[{"href":"https:\/\/www.europesays.com\/se\/wp-json\/wp\/v2\/posts\/88213","targetHints":{"allow":["GET"]}}],"collection":[{"href":"https:\/\/www.europesays.com\/se\/wp-json\/wp\/v2\/posts"}],"about":[{"href":"https:\/\/www.europesays.com\/se\/wp-json\/wp\/v2\/types\/post"}],"author":[{"embeddable":true,"href":"https:\/\/www.europesays.com\/se\/wp-json\/wp\/v2\/users\/2"}],"replies":[{"embeddable":true,"href":"https:\/\/www.europesays.com\/se\/wp-json\/wp\/v2\/comments?post=88213"}],"version-history":[{"count":0,"href":"https:\/\/www.europesays.com\/se\/wp-json\/wp\/v2\/posts\/88213\/revisions"}],"wp:featuredmedia":[{"embeddable":true,"href":"https:\/\/www.europesays.com\/se\/wp-json\/wp\/v2\/media\/88214"}],"wp:attachment":[{"href":"https:\/\/www.europesays.com\/se\/wp-json\/wp\/v2\/media?parent=88213"}],"wp:term":[{"taxonomy":"category","embeddable":true,"href":"https:\/\/www.europesays.com\/se\/wp-json\/wp\/v2\/categories?post=88213"},{"taxonomy":"post_tag","embeddable":true,"href":"https:\/\/www.europesays.com\/se\/wp-json\/wp\/v2\/tags?post=88213"}],"curies":[{"name":"wp","href":"https:\/\/api.w.org\/{rel}","templated":true}]}}