{"id":88274,"date":"2025-11-24T08:38:28","date_gmt":"2025-11-24T08:38:28","guid":{"rendered":"https:\/\/www.europesays.com\/se\/88274\/"},"modified":"2025-11-24T08:38:28","modified_gmt":"2025-11-24T08:38:28","slug":"google-infor-digital-skamvra-nu-hangs-tjuvarna-ut","status":"publish","type":"post","link":"https:\/\/www.europesays.com\/se\/88274\/","title":{"rendered":"Google inf\u00f6r digital skamvr\u00e5 \u2013 nu h\u00e4ngs &#8221;tjuvarna&#8221; ut"},"content":{"rendered":"<p>Androidv\u00e4rlden st\u00e5r inf\u00f6r ett stiligt uppvaknande. I \u00e5ratal har vi levt med appar som \u201dbara ska uppdatera n\u00e5got litet i bakgrunden\u201d och pl\u00f6tsligt v\u00e4cker hela telefonen som en morgonpigg fem\u00e5ring klockan halv sex. Batteriet rasar, mobilen blir varm och du st\u00e5r d\u00e4r p\u00e5 Arlanda med tre procent kvar och undrar vilken app som saboterat din helg.<\/p>\n<p>                <img decoding=\"async\" src=\"https:\/\/www.europesays.com\/se\/wp-content\/uploads\/2025\/11\/1763973506_364_\"\/><\/p>\n<p>                            <a href=\"https:\/\/www.realtid.se\/fastigheter\/led-ljuset-som-skapar-huvudvark-och-kostnader-for-fastighetsagare\/\" class=\"c-external-notice__content\" target=\"_blank\" rel=\"nofollow noopener\"><br \/>\n                LED-ljuset skapar huvudv\u00e4rk \u2013 och kostnader f\u00f6r fastighets\u00e4gare<\/p>\n<p>LED-lampor har marknadsf\u00f6rts som energisn\u00e5la mirakelprodukter. Men nu varnar forskare f\u00f6r att tekniken, i fel utf\u00f6rande,<\/p>\n<p>                            <\/a><br \/>\n            <img loading=\"lazy\" decoding=\"async\" width=\"1024\" height=\"512\" src=\"https:\/\/www.europesays.com\/se\/wp-content\/uploads\/2025\/11\/3-485-1024x512.png\" alt=\"\" class=\"wp-image-1585162\"  \/>N\u00e4r telefonen pl\u00f6tsligt beter sig som en kamin och man undrar varf\u00f6r. (Foto: Canva)Nu f\u00e5r det r\u00e4cka, tycker Google.<\/p>\n<p>Den nya funktionen bygger p\u00e5 Android Vitals, systemet som kontrollerar hur mycket resurser appar egentligen anv\u00e4nder n\u00e4r vi inte ser det. Uppt\u00e4cker systemet att en app h\u00e5ller mobilen vaken i on\u00f6dan \u2013 via s\u00e5 kallade \u201dwake locks\u201d \u2013 blir det r\u00f6tt kort. Och det \u00e4r ingen blygsam liten lapp. Det handlar om en stor, tydlig varningsruta i Play Store d\u00e4r det st\u00e5r att appen drar oproportionerligt mycket batteri.<\/p>\n<p>Utvecklarna har f\u00e5tt en deadline: senast 1 mars 2026 ska deras appar vara optimerade. Annars blir de kvar i skamvr\u00e5n, som en \u00f6vertydlig signal till alla som t\u00e4nker ladda ner den. Risken? F\u00e4rre nedladdningar, s\u00e4mre betyg och noll chans att posera som \u201dweekend-v\u00e4nlig\u201d.<\/p>\n<p>Google har tagit fram systemet tillsammans med Samsung, och b\u00e5de siffror och kriterier \u00e4r tydliga. En app som h\u00e5ller telefonen vaken flera timmar per dygn utan godtagbar anledning \u2013 eller som g\u00f6r det hos mer \u00e4n fem procent av anv\u00e4ndarna under 28 dagar \u2013 hamnar under rubriken \u201dbatterislukare\u201d.<\/p>\n<p>                <img decoding=\"async\" src=\"https:\/\/www.europesays.com\/se\/wp-content\/uploads\/2025\/11\/1763973508_686_\"\/><\/p>\n<p>                            <a href=\"https:\/\/www.realtid.se\/perfectweekend\/sas-rullar-ut-nytt-hoghastighetswifi-byggt-pa-elon-musks-starlink\/\" class=\"c-external-notice__content\" target=\"_blank\" rel=\"nofollow noopener\"><br \/>\n                SAS rullar ut Musks h\u00f6ghastighetswifi<\/p>\n<p>SAS har inlett installationen av ett nytt satellitbaserat wifi-system i hela sin flygplansflotta \u2013 med start p\u00e5 Stavanger Sola.<\/p>\n<p>                            <\/a><br \/>\n            <img loading=\"lazy\" decoding=\"async\" width=\"1024\" height=\"512\" src=\"https:\/\/www.europesays.com\/se\/wp-content\/uploads\/2025\/11\/2-512-1024x512.png\" alt=\"\" class=\"wp-image-1585163\"  \/>S\u00e5 k\u00e4nns det n\u00e4r mobilen d\u00f6r tre timmar f\u00f6re helgen b\u00f6rjar. (Foto: Canva)<\/p>\n<p>Det h\u00e4r \u00e4r egentligen en revolution f\u00f6r alla som f\u00f6rs\u00f6ker leva sitt mobilliv med stil. F\u00f6r i en v\u00e4rld d\u00e4r vi planerar hela v\u00e5ra helger via mobilen \u2013 fr\u00e5n Riche-bokningar till t\u00e5gtider, Spotifylistor och Slussen-spaningar \u2013 vill man inte att batteriet ska bete sig som en Stockholms innerstadsparkering: alltid fullt, alltid stressigt, alltid p\u00e5 v\u00e4g att ta slut.<\/p>\n<p>N\u00e4r Google nu skruvar \u00e5t reglerna betyder det mindre v\u00e4rme, l\u00e4ngre batteritid och betydligt f\u00e4rre \u00f6verraskningar. F\u00e4rre appar som smygjobbar p\u00e5 natten. F\u00e4rre ov\u00e4ntade procentfall. Mer helgk\u00e4nsla, mindre laddare.<\/p>\n<p><img loading=\"lazy\" decoding=\"async\" width=\"1024\" height=\"512\" src=\"https:\/\/www.europesays.com\/se\/wp-content\/uploads\/2025\/11\/4-425-1024x512.png\" alt=\"\" class=\"wp-image-1585161\"  \/>Tjuven som ingen s\u00e5g \u2013 f\u00f6rr\u00e4n Google satte upp \u00f6vervakningskameror. (Foto: Canva)<\/p>\n","protected":false},"excerpt":{"rendered":"Androidv\u00e4rlden st\u00e5r inf\u00f6r ett stiligt uppvaknande. I \u00e5ratal har vi levt med appar som \u201dbara ska uppdatera n\u00e5got&hellip;\n","protected":false},"author":2,"featured_media":88275,"comment_status":"","ping_status":"","sticky":false,"template":"","format":"standard","meta":{"footnotes":""},"categories":[65],"tags":[6565,9796,72,70,71,670,3909,34,31,33,32,30],"class_list":{"0":"post-88274","1":"post","2":"type-post","3":"status-publish","4":"format-standard","5":"has-post-thumbnail","7":"category-ekonomi","8":"tag-android","9":"tag-app","10":"tag-business","11":"tag-economy","12":"tag-ekonomi","13":"tag-google","14":"tag-mobil","15":"tag-se","16":"tag-svenska","17":"tag-sverige","18":"tag-sweden","19":"tag-swedish"},"share_on_mastodon":{"url":"https:\/\/pubeurope.com\/@se\/115603774222702120","error":""},"_links":{"self":[{"href":"https:\/\/www.europesays.com\/se\/wp-json\/wp\/v2\/posts\/88274","targetHints":{"allow":["GET"]}}],"collection":[{"href":"https:\/\/www.europesays.com\/se\/wp-json\/wp\/v2\/posts"}],"about":[{"href":"https:\/\/www.europesays.com\/se\/wp-json\/wp\/v2\/types\/post"}],"author":[{"embeddable":true,"href":"https:\/\/www.europesays.com\/se\/wp-json\/wp\/v2\/users\/2"}],"replies":[{"embeddable":true,"href":"https:\/\/www.europesays.com\/se\/wp-json\/wp\/v2\/comments?post=88274"}],"version-history":[{"count":0,"href":"https:\/\/www.europesays.com\/se\/wp-json\/wp\/v2\/posts\/88274\/revisions"}],"wp:featuredmedia":[{"embeddable":true,"href":"https:\/\/www.europesays.com\/se\/wp-json\/wp\/v2\/media\/88275"}],"wp:attachment":[{"href":"https:\/\/www.europesays.com\/se\/wp-json\/wp\/v2\/media?parent=88274"}],"wp:term":[{"taxonomy":"category","embeddable":true,"href":"https:\/\/www.europesays.com\/se\/wp-json\/wp\/v2\/categories?post=88274"},{"taxonomy":"post_tag","embeddable":true,"href":"https:\/\/www.europesays.com\/se\/wp-json\/wp\/v2\/tags?post=88274"}],"curies":[{"name":"wp","href":"https:\/\/api.w.org\/{rel}","templated":true}]}}