{"id":88308,"date":"2025-11-24T09:15:11","date_gmt":"2025-11-24T09:15:11","guid":{"rendered":"https:\/\/www.europesays.com\/se\/88308\/"},"modified":"2025-11-24T09:15:11","modified_gmt":"2025-11-24T09:15:11","slug":"farre-tjejer-kom-in-da-backar-handels-fran-nya-kravet-oonskade-effekter-breakit","status":"publish","type":"post","link":"https:\/\/www.europesays.com\/se\/88308\/","title":{"rendered":"F\u00e4rre tjejer kom in \u2013 d\u00e5 backar Handels fr\u00e5n nya kravet: &quot;O\u00f6nskade effekter&quot; &#8211; Breakit"},"content":{"rendered":"<ol>\n<li><a href=\"https:\/\/news.google.com\/rss\/articles\/CBMisgFBVV95cUxOSlluX1RmbWd3MUFwM05LX0NydlNlWk1KclVvTVRtZFp6S24zZ1pUcDE0emhSTDFJR3NIWTBNdm9BTEtGaGlsRXpXMGZZdWJLVGNQbjFJV1lkLVhWNk9zdF9wM1RpbWFnaUFZRHM3YUo1dVVBRC15OF9HMFQ3dnc2ckF0RmRVekxDeG5ZbWxyNmNBWXNRT0RtSEI0UnFsblNSM1V2a0hKeHlLR3RTVVR1NW9n?oc=5\" target=\"_blank\" rel=\"nofollow noopener\">F\u00e4rre tjejer kom in \u2013 d\u00e5 backar Handels fr\u00e5n nya kravet: &#8221;O\u00f6nskade effekter&#8221;<\/a>&nbsp;&nbsp;Breakit<\/li>\n<li><a href=\"https:\/\/news.google.com\/rss\/articles\/CBMimwFBVV95cUxQeVdDLXhoaGk1azRla1o5RFdnaUE3RmRwVENIVERJMk9YbkQ3SnZoNnVmNUdjb0VuQlVtUU83c3libzVsNmdiaWp3Z2RlQkF5R0J4X2UtVHdrZ0laU2tjbWRHTjBJUGpPU3FsbkwwZ0l0WkJ1bVZ1TlkyMVdrQVhxR2FEZ3VRS2dWdjM3dURJRy1xa19lbGFNZVBPaw?oc=5\" target=\"_blank\" rel=\"nofollow noopener\">Handelsh\u00f6gskolan drar tillbaka krav p\u00e5 h\u00f6gskoleprov<\/a>&nbsp;&nbsp;SVT Nyheter<\/li>\n<li><a href=\"https:\/\/news.google.com\/rss\/articles\/CBMiekFVX3lxTE9NOW1xci11aXhlWmJhWm9jMDV3c1pCd0YyQVpGdDFwZGE3NkRqMjRyeE5lblFYU0pZd01pWlRNYlFuVklhQ3o2T3hvWEw2a1NxeWZtRHBxZUU0TFAzTVM3Mk5hR2ZRM0VjRmZfZ1ZUaW5GWkcxRy1hZnlR?oc=5\" target=\"_blank\" rel=\"nofollow noopener\">Handels backar om h\u00f6gskoleprovet<\/a>&nbsp;&nbsp;SvD<\/li>\n<li><a href=\"https:\/\/news.google.com\/rss\/articles\/CBMidEFVX3lxTE01d0ZPc2xhRWtEdzV3UWthWHY4dndIbDM3YjJMS19JcE1rV3RyaS1xQURJQkVrOHlQMExBYnlDMDE5bGpTS1R2RHl0d2RBX2x6MXhMRlJuMXNfRGhhOFl0OE9NZ0pnQVozMmdUYTFNUmJ4WTdN?oc=5\" target=\"_blank\" rel=\"nofollow noopener\">Handels v\u00e4nder: Inget krav p\u00e5 h\u00f6gskoleprov<\/a>&nbsp;&nbsp;Omni<\/li>\n<li><a href=\"https:\/\/news.google.com\/rss\/articles\/CBMimAFBVV95cUxOSjJiQl9ibnp6V1BoY01yWWhUTjFIeTlTZ21HRmhLR2Z5emQxV3VfR01TRlI1LXdIVGNDRnhMTVh1WklXT0RLelo0UllpRFpldG0wVjVpYTJwZnFwT3BocXhkQXBzNWo3MG9JWFFxamNjS3hndG90S2FPZHVteDA2SWtDbzg2bUNvTlNpZ1JEeWRRaWxueTNjdQ?oc=5\" target=\"_blank\" rel=\"nofollow noopener\">Handelsh\u00f6gskolan backar \u2013 slopar nya kraven<\/a>&nbsp;&nbsp;Mitt i<\/li>\n<\/ol>\n","protected":false},"excerpt":{"rendered":"F\u00e4rre tjejer kom in \u2013 d\u00e5 backar Handels fr\u00e5n nya kravet: &#8221;O\u00f6nskade effekter&#8221;&nbsp;&nbsp;Breakit Handelsh\u00f6gskolan drar tillbaka krav p\u00e5&hellip;\n","protected":false},"author":2,"featured_media":88309,"comment_status":"","ping_status":"","sticky":false,"template":"","format":"standard","meta":{"footnotes":""},"categories":[5],"tags":[22,23,87,88,26,27,17,21,91,90,24,25,28,29,15,16,92,18,34,89,86,31,33,32,30,85,19,20],"class_list":{"0":"post-88308","1":"post","2":"type-post","3":"status-publish","4":"format-standard","5":"has-post-thumbnail","7":"category-rubriker","8":"tag-breaking-news","9":"tag-breakingnews","10":"tag-digital","11":"tag-entreprenor","12":"tag-featured-news","13":"tag-featurednews","14":"tag-headlines","15":"tag-huvudnyheter","16":"tag-king","17":"tag-klarna","18":"tag-latest-news","19":"tag-latestnews","20":"tag-main-news","21":"tag-mainnews","22":"tag-news","23":"tag-nyheter","24":"tag-riskkapital","25":"tag-rubriker","26":"tag-se","27":"tag-spotify","28":"tag-startups","29":"tag-svenska","30":"tag-sverige","31":"tag-sweden","32":"tag-swedish","33":"tag-tech","34":"tag-top-stories","35":"tag-topstories"},"share_on_mastodon":{"url":"https:\/\/pubeurope.com\/@se\/115603919537949038","error":""},"_links":{"self":[{"href":"https:\/\/www.europesays.com\/se\/wp-json\/wp\/v2\/posts\/88308","targetHints":{"allow":["GET"]}}],"collection":[{"href":"https:\/\/www.europesays.com\/se\/wp-json\/wp\/v2\/posts"}],"about":[{"href":"https:\/\/www.europesays.com\/se\/wp-json\/wp\/v2\/types\/post"}],"author":[{"embeddable":true,"href":"https:\/\/www.europesays.com\/se\/wp-json\/wp\/v2\/users\/2"}],"replies":[{"embeddable":true,"href":"https:\/\/www.europesays.com\/se\/wp-json\/wp\/v2\/comments?post=88308"}],"version-history":[{"count":0,"href":"https:\/\/www.europesays.com\/se\/wp-json\/wp\/v2\/posts\/88308\/revisions"}],"wp:featuredmedia":[{"embeddable":true,"href":"https:\/\/www.europesays.com\/se\/wp-json\/wp\/v2\/media\/88309"}],"wp:attachment":[{"href":"https:\/\/www.europesays.com\/se\/wp-json\/wp\/v2\/media?parent=88308"}],"wp:term":[{"taxonomy":"category","embeddable":true,"href":"https:\/\/www.europesays.com\/se\/wp-json\/wp\/v2\/categories?post=88308"},{"taxonomy":"post_tag","embeddable":true,"href":"https:\/\/www.europesays.com\/se\/wp-json\/wp\/v2\/tags?post=88308"}],"curies":[{"name":"wp","href":"https:\/\/api.w.org\/{rel}","templated":true}]}}