{"id":88346,"date":"2025-11-24T09:56:09","date_gmt":"2025-11-24T09:56:09","guid":{"rendered":"https:\/\/www.europesays.com\/se\/88346\/"},"modified":"2025-11-24T09:56:09","modified_gmt":"2025-11-24T09:56:09","slug":"specialintressen-vid-autism-ar-ofta-missforstadda-men-kan-vara-en-stor-tillgang-ett-bra-satt-att-fa-vanner","status":"publish","type":"post","link":"https:\/\/www.europesays.com\/se\/88346\/","title":{"rendered":"Specialintressen vid autism \u00e4r ofta missf\u00f6rst\u00e5dda \u2013 men kan vara en stor tillg\u00e5ng: &#8221;Ett bra s\u00e4tt att f\u00e5 v\u00e4nner&#8221;"},"content":{"rendered":"<p>I sin nya ungdomsbok \u201dLeva med autism\u201d vill den autistiska f\u00f6rfattaren Clara T\u00f6rnvall s\u00e4tta fingret p\u00e5 hur autistiska personer kan n\u00e5 h\u00f6gre livskvalitet, i kontrast till alla dystra beskrivningar av livet med diagnosen. Ett av de b\u00e4sta s\u00e4tten f\u00f6r att utforska de positiva sidorna och dra nytta av styrkorna med autism \u00e4r att \u00e4gna sig \u00e5t sina specialintressen.<br \/>\n\u2013 Jag ser specialintressen som enbart positiva. Det man l\u00e4gger ner mycket tid p\u00e5 blir man bra p\u00e5 och d\u00e4r kan man h\u00e4mt<\/p>\n","protected":false},"excerpt":{"rendered":"I sin nya ungdomsbok \u201dLeva med autism\u201d vill den autistiska f\u00f6rfattaren Clara T\u00f6rnvall s\u00e4tta fingret p\u00e5 hur autistiska&hellip;\n","protected":false},"author":2,"featured_media":88347,"comment_status":"","ping_status":"","sticky":false,"template":"","format":"standard","meta":{"footnotes":""},"categories":[69],"tags":[632,113,112,439,34,31,33,32,30],"class_list":{"0":"post-88346","1":"post","2":"type-post","3":"status-publish","4":"format-standard","5":"has-post-thumbnail","7":"category-halsa","8":"tag-forskning","9":"tag-halsa","10":"tag-health","11":"tag-liv-hem","12":"tag-se","13":"tag-svenska","14":"tag-sverige","15":"tag-sweden","16":"tag-swedish"},"share_on_mastodon":{"url":"https:\/\/pubeurope.com\/@se\/115604080760383231","error":""},"_links":{"self":[{"href":"https:\/\/www.europesays.com\/se\/wp-json\/wp\/v2\/posts\/88346","targetHints":{"allow":["GET"]}}],"collection":[{"href":"https:\/\/www.europesays.com\/se\/wp-json\/wp\/v2\/posts"}],"about":[{"href":"https:\/\/www.europesays.com\/se\/wp-json\/wp\/v2\/types\/post"}],"author":[{"embeddable":true,"href":"https:\/\/www.europesays.com\/se\/wp-json\/wp\/v2\/users\/2"}],"replies":[{"embeddable":true,"href":"https:\/\/www.europesays.com\/se\/wp-json\/wp\/v2\/comments?post=88346"}],"version-history":[{"count":0,"href":"https:\/\/www.europesays.com\/se\/wp-json\/wp\/v2\/posts\/88346\/revisions"}],"wp:featuredmedia":[{"embeddable":true,"href":"https:\/\/www.europesays.com\/se\/wp-json\/wp\/v2\/media\/88347"}],"wp:attachment":[{"href":"https:\/\/www.europesays.com\/se\/wp-json\/wp\/v2\/media?parent=88346"}],"wp:term":[{"taxonomy":"category","embeddable":true,"href":"https:\/\/www.europesays.com\/se\/wp-json\/wp\/v2\/categories?post=88346"},{"taxonomy":"post_tag","embeddable":true,"href":"https:\/\/www.europesays.com\/se\/wp-json\/wp\/v2\/tags?post=88346"}],"curies":[{"name":"wp","href":"https:\/\/api.w.org\/{rel}","templated":true}]}}