{"id":88471,"date":"2025-11-24T12:18:22","date_gmt":"2025-11-24T12:18:22","guid":{"rendered":"https:\/\/www.europesays.com\/se\/88471\/"},"modified":"2025-11-24T12:18:22","modified_gmt":"2025-11-24T12:18:22","slug":"langdlandslaget-till-varldscuppremiaren-i-ruka","status":"publish","type":"post","link":"https:\/\/www.europesays.com\/se\/88471\/","title":{"rendered":"L\u00e4ngdlandslaget till v\u00e4rldscuppremi\u00e4ren i Ruka"},"content":{"rendered":"<p>\n          Pressmeddelande &#8211;<br \/>\n24 November 2025 13:00<\/p>\n<p>    Dela<\/p>\n<p>\n          L\u00e4nk kopierad!\n        <\/p>\n<p>          <a class=\"ghost-btn-with-icon svg-stroke\" rel=\"nofollow noopener\" aria-label=\"Ladda ned som PDF\" href=\"https:\/\/www.mynewsdesk.com\/se\/svenska_skidforbundet\/pressreleases\/laengdlandslaget-till-vaerldscuppremiaeren-i-ruka-3418034.pdf\" target=\"_blank\"><\/p>\n<p>            Ladda ner<br \/>\n<\/a>      <\/p>\n<p><strong>Den f\u00f6rsta v\u00e4rldscuptruppen f\u00f6r s\u00e4songen \u00e4r uttagen och redo f\u00f6r internationellt motst\u00e5nd. Nu presenteras \u00e5karna som kommer representera Sverige i v\u00e4rldscuppremi\u00e4ren i finska Ruka, 28\u201330 november.<\/strong><\/p>\n<p><strong\/><strong\/>Efter att ha rivstartat med en kylig nationell l\u00e4ngdpremi\u00e4r i G\u00e4llivare, har det blivit dags att inviga t\u00e4vlingss\u00e4songen p\u00e5 internationell niv\u00e5 \u2013 och detta p\u00e5 klassisk premi\u00e4rmark i finska Ruka.<\/p>\n<p>Landslagschef Anders Bystr\u00f6m \u00e4r redo f\u00f6r en ny v\u00e4rldscups\u00e4song. Efter tre h\u00e4ndelserika race i G\u00e4llivare har han tillsammans med tr\u00e4narteamet tagit ut truppen som reser mot Finland f\u00f6r att m\u00f6ta internationellt motst\u00e5nd i v\u00e4rldsklass.<\/p>\n<p>  \u2013 Vi har haft en sp\u00e4nnande premi\u00e4rhelg d\u00e4r flera insatser har varit avg\u00f6rande f\u00f6r att ta sig till v\u00e4rldscuppremi\u00e4ren i Ruka. Stor vikt har lagts vid G\u00e4llivares t\u00e4vlingar n\u00e4r vi i landslagsledningen har f\u00f6rs\u00f6kt l\u00e4gga pusslet p\u00e5 vilka som ska \u00e5ka vilka t\u00e4vlingar i Finland, s\u00e4ger landslagschef Anders Bystr\u00f6m.<\/p>\n<p>\u2013 Kvaliteten och niv\u00e5n har varit h\u00f6g, s\u00e5 det k\u00e4nns intressant att f\u00e5 ta med det h\u00e4r laget till v\u00e4rldscupens f\u00f6rsta helg denna s\u00e4song, forts\u00e4tter han.<\/p>\n<p>Landslaget reser till Ruka med 21 aktiva \u2013 en stor trupp, d\u00e4r Sverige f\u00e5r st\u00e4lla upp med sex \u00e5kare i respektive lopp.<\/p>\n<p>\u2013 Extra roligt \u00e4r att n\u00e5gra relativt ok\u00e4nda ansikten f\u00e5r chansen. Till exempel Jesper Persson och Johan Ekberg som b\u00e5da visade en v\u00e4sentlig niv\u00e5h\u00f6jning fr\u00e5n de resultat de gjorde f\u00f6rra s\u00e4songen. Vi f\u00e5r ocks\u00e5 med oss Alvar Myhlback som trots diskning i sprinten haft en riktigt bra helg, bland annat med pallplatsen i 10 km klassiskt, s\u00e4ger Anders Bystr\u00f6m.<\/p>\n<p>William Poromaa avst\u00e5r v\u00e4rldscuppremi\u00e4ren d\u00e5 kroppen inte k\u00e4nns helt redo f\u00f6r den belastning som en t\u00e4vlingshelg inneb\u00e4r. \u00c4ven Linn Svahn deltar inte i Ruka, hon \u00e4r i \u00e5terupptr\u00e4ning efter beskedet om sjukdom inf\u00f6r premi\u00e4ren i G\u00e4llivare.<\/p>\n<p>V\u00e4rldscuppremi\u00e4ren p\u00e5g\u00e5r 28\u201330 november. F\u00f6lj t\u00e4vlingarna p\u00e5 Viaplay.<\/p>\n<p> <strong>TRUPPEN TILL RUKA<\/strong><\/p>\n<p>DAMER<br \/>Ebba Andersson, Pite\u00e5 Elit SK<br \/>Maja Dahlqvist, Falun-Borl\u00e4nge SK<br \/>Evelina Cr\u00fcsell, Skellefte\u00e5 SK<br \/>Johanna Hagstr\u00f6m, Ulricehamns IF<br \/>Moa Ilar, Falun-Borl\u00e4nge SK<br \/>Frida Karlsson, Sollefte\u00e5 Skidor IF<br \/>Moa Lundgren, \u00c5sarna IK<br \/>Emma Ribom, Pite\u00e5 Elit SK<br \/>M\u00e4rta Rosenberg, Trillevallens Sportklubb<br \/>Jonna Sundling, Pite\u00e5 Elit SK <\/p>\n<p>HERRAR<br \/>Edvin Anger, \u00c5sarna IK<br \/>Gustaf Berglund, IFK Mora SK<br \/>Emil Danielsson, H\u00f6gbo GIF<br \/>Johan Ekberg, Nacka V\u00e4rmd\u00f6 SK<br \/>Anton Grahn, IFK Mora SK<br \/>Johan H\u00e4ggstr\u00f6m, Pite\u00e5 Elit SK<br \/>Leo Johansson, Falun-Borl\u00e4nge SK<br \/>Alvar Myhlback, Bjurs\u00e5s IK<br \/>Jesper Persson, \u00c5sarna IK<br \/>Eric Rosj\u00f6, IFK Mora SK<br \/>Oskar Svensson, Falun-Borl\u00e4nge SK<\/p>\n<p><strong>PRESSTR\u00c4FF RUKA<br \/><\/strong><strong\/>Varmt v\u00e4lkomna p\u00e5 presstr\u00e4ff p\u00e5 plats i Ruka inf\u00f6r helgens v\u00e4rldscuppremi\u00e4r. V\u00e4nligen observera att anm\u00e4lan kr\u00e4vs f\u00f6r att kunna delta p\u00e5 presstr\u00e4ffen.<\/p>\n<p><strong>Datum:<\/strong> 27 november<\/p>\n<p><strong>Tid<\/strong>: 16.00 (OBS lokal tid, EET)<\/p>\n<p><strong>Plats:<\/strong> Torget i Ruka*<br \/>Kartn\u00e5l:  <a href=\"https:\/\/maps.app.goo.gl\/yUCJFSvsHoEPE1xY8\" target=\"_blank\" rel=\"nofollow noopener\">https:\/\/maps.app.goo.gl\/yUCJFSvsHoEPE1xY8<\/a><\/p>\n<p>*Tid och plats \u00e4r prelimin\u00e4ra och kan komma att \u00e4ndras.<\/p>\n<p><strong>Anm\u00e4lan:<\/strong> Mejla er anm\u00e4lan till astri.lindback@skidor.com. Meddela \u00e4ven vilka aktiva ni \u00f6nskar intervjua i prioriterad ordning. Er anm\u00e4lan ska senast vara oss tillhanda p\u00e5 tisdag 25 november, klockan 17.00.<\/p>\n<p><strong>Munskydd och avst\u00e5nd:<\/strong> Vi forts\u00e4tter att vara f\u00f6rsiktiga f\u00f6r att undvika smitta. Presstr\u00e4ffen \u00e4r utomhus och vi ber er vara noggranna med avst\u00e5nd och handtv\u00e4tt. Munskydd utomhus beh\u00f6vs *inte* f\u00f6r media eller aktiva, om vi alla \u00e4r noggranna att h\u00e5lla avst\u00e5nd. V\u00e4nligen delta inte p\u00e5 presstr\u00e4ffen om ni har symtom som till exempel f\u00f6rkylning, halsont eller feber.<\/p>\n<p><strong>PRESSKONTAKT I RUKA<br \/><\/strong><strong\/>Astri Lindb\u00e4ck<br \/>Telefon\/WhatsApp: +46 (0)70 984 22 91<br \/>E-post: astri.lindback@skidor.com<\/p>\n<p>F\u00f6r f\u00f6rfr\u00e5gningar under p\u00e5g\u00e5ende t\u00e4vling\/mixad zon rekommenderar vi att ta kontakt via WhatsApp f\u00f6r snabbast respons.<\/p>\n<p><strong>WHATSAPP F\u00d6R MEDIA P\u00c5 PLATS<br \/><\/strong>Media p\u00e5 plats f\u00e5r tillg\u00e5ng till uppdateringar, praktisk information mm via egen chatt i WhatsApp. V\u00e4nligen kontakta Astri Lindb\u00e4ck f\u00f6r att bli tillagd.<\/p>\n<p> <strong>PROGRAM: RUKA<br \/><\/strong>I helgen startar l\u00e4ngdskidornas v\u00e4rldscups\u00e4song i finska Ruka 28\u201330 november<br \/>Tiderna \u00e4r efter svensk tid.<\/p>\n<p><strong>Fredag, 28 november<br \/><\/strong>10.30: 10 km, klassisk stil, intervallstart, damer<br \/>13.15: 10 km, klassisk stil, intervallstart, herrar<\/p>\n<p><strong>L\u00f6rdag, 29 november<br \/><\/strong>08.55: Sprint, klassisk stil, kval, herrar och damer<br \/>11.25: Sprint, klassisk stil, finalpass, herrar och damer<\/p>\n<p><strong>S\u00f6ndag, 30 november<br \/><\/strong>10.00: 20 km, fristil, masstart, herrar<br \/>11.45: 20 km, fristil, masstart, damer<\/p>\n","protected":false},"excerpt":{"rendered":"Pressmeddelande &#8211; 24 November 2025 13:00 Dela L\u00e4nk kopierad! Ladda ner Den f\u00f6rsta v\u00e4rldscuptruppen f\u00f6r s\u00e4songen \u00e4r uttagen&hellip;\n","protected":false},"author":2,"featured_media":88472,"comment_status":"","ping_status":"","sticky":false,"template":"","format":"standard","meta":{"footnotes":""},"categories":[68],"tags":[2043,3237,34,111,110,31,33,32,30,9497],"class_list":{"0":"post-88471","1":"post","2":"type-post","3":"status-publish","4":"format-standard","5":"has-post-thumbnail","7":"category-sport","8":"tag-landslag","9":"tag-langdskidor","10":"tag-se","11":"tag-sport","12":"tag-sports","13":"tag-svenska","14":"tag-sverige","15":"tag-sweden","16":"tag-swedish","17":"tag-varldscup"},"share_on_mastodon":{"url":"https:\/\/pubeurope.com\/@se\/115604639337017362","error":""},"_links":{"self":[{"href":"https:\/\/www.europesays.com\/se\/wp-json\/wp\/v2\/posts\/88471","targetHints":{"allow":["GET"]}}],"collection":[{"href":"https:\/\/www.europesays.com\/se\/wp-json\/wp\/v2\/posts"}],"about":[{"href":"https:\/\/www.europesays.com\/se\/wp-json\/wp\/v2\/types\/post"}],"author":[{"embeddable":true,"href":"https:\/\/www.europesays.com\/se\/wp-json\/wp\/v2\/users\/2"}],"replies":[{"embeddable":true,"href":"https:\/\/www.europesays.com\/se\/wp-json\/wp\/v2\/comments?post=88471"}],"version-history":[{"count":0,"href":"https:\/\/www.europesays.com\/se\/wp-json\/wp\/v2\/posts\/88471\/revisions"}],"wp:featuredmedia":[{"embeddable":true,"href":"https:\/\/www.europesays.com\/se\/wp-json\/wp\/v2\/media\/88472"}],"wp:attachment":[{"href":"https:\/\/www.europesays.com\/se\/wp-json\/wp\/v2\/media?parent=88471"}],"wp:term":[{"taxonomy":"category","embeddable":true,"href":"https:\/\/www.europesays.com\/se\/wp-json\/wp\/v2\/categories?post=88471"},{"taxonomy":"post_tag","embeddable":true,"href":"https:\/\/www.europesays.com\/se\/wp-json\/wp\/v2\/tags?post=88471"}],"curies":[{"name":"wp","href":"https:\/\/api.w.org\/{rel}","templated":true}]}}