{"id":88517,"date":"2025-11-24T13:18:16","date_gmt":"2025-11-24T13:18:16","guid":{"rendered":"https:\/\/www.europesays.com\/se\/88517\/"},"modified":"2025-11-24T13:18:16","modified_gmt":"2025-11-24T13:18:16","slug":"e-on-okar-satsningen-pa-flexibilitetsmarknader-till-25-miljoner-och-gor-det-enklare-for-fler-att-delta-2","status":"publish","type":"post","link":"https:\/\/www.europesays.com\/se\/88517\/","title":{"rendered":"E.ON \u00f6kar satsningen p\u00e5 flexibilitetsmarknader till 25 miljoner \u2013 och g\u00f6r det enklare f\u00f6r fler att delta"},"content":{"rendered":"<p>\u2013 Flexibilitet \u00e4r en nyckel till framtidens energisystem. Genom att frig\u00f6ra kapacitet och anv\u00e4nda det befintliga eln\u00e4tet mer effektivt kan vi snabbare ansluta nya kunder och undvika on\u00f6diga flaskhalsar. Att vi nu satsar mer och f\u00f6renklar deltagandet visar att flexibilitet \u00e4r en naturlig del av den svenska energiomst\u00e4llningen, s\u00e4ger Peter Sigenstam, chef f\u00f6r Drift &amp; Energisystem p\u00e5 E.ON Energidistribution.<\/p>\n<p>En central f\u00f6renkling \u00e4r att E.ON nu har byggt en integration mellan E.ONs smarta elm\u00e4tare och den digitala flexibilitetsplattformen SWITCH. Det inneb\u00e4r att den m\u00e4tdata som kr\u00e4vs f\u00f6r att delta kan h\u00e4mtas automatiskt och att de akt\u00f6rer som deltar slipper bygga egna integrationer.<\/p>\n<p>Dessutom finns nu en gemensam och automatiserad baseline-modell direkt i SWITCH. Baseline \u00e4r den ber\u00e4knade \u201dnormala\u201d elanv\u00e4ndningen eller produktionen som anv\u00e4nds som j\u00e4mf\u00f6relse n\u00e4r n\u00e5gon minskar eller flyttar sin f\u00f6rbrukning. Genom att baseline nu ber\u00e4knas automatiskt beh\u00f6ver deltagande akt\u00f6rer inte n\u00f6dv\u00e4ndigtvis l\u00e4ngre ta fram eller ladda upp egna referensv\u00e4rden. Det s\u00e4nker tr\u00f6skeln och minskar administrationen f\u00f6r den som vill delta.<\/p>\n<p>\u2013 Vi vet att enkelhet \u00e4r avg\u00f6rande. Med SWITCH blir det l\u00e4ttare att komma ig\u00e5ng, bidra med flexibilitet och f\u00e5 ers\u00e4ttning f\u00f6r den nytta man g\u00f6r. Det st\u00e4rker b\u00e5de eln\u00e4tet och det lokala n\u00e4ringslivet, s\u00e4ger Peter Sigenstam.<\/p>\n<p>Flexibilitetsmarknaderna \u00e4r ett viktigt verktyg f\u00f6r att m\u00f6ta det snabbt v\u00e4xande elbehovet n\u00e4r transporter, industrier och bost\u00e4der elektrifieras. Genom att samarbeta med lokala akt\u00f6rer kan E.ON \u00f6ka n\u00e4tutnyttjandet, minska behovet av n\u00e4tf\u00f6rst\u00e4rkningar och samtidigt skapa aff\u00e4rsnytta f\u00f6r flexibilitetsleverant\u00f6rerna.<\/p>\n<p>\u2013 Vi st\u00e5r inf\u00f6r en av de st\u00f6rsta samh\u00e4llsomvandlingarna i modern tid. Flexibilitet \u00e4r en av flera konkreta l\u00f6sningar som g\u00f6r att vi kan anv\u00e4nda eln\u00e4tet smartare, st\u00f6dja tillv\u00e4xten och st\u00e4rka konkurrenskraften i Sverige redan idag, s\u00e4ger Peter Sigenstam.<\/p>\n<p><strong>S\u00e5 fungerar flexibilitet<\/strong><br \/>Flexibilitet inneb\u00e4r att elanv\u00e4ndning eller elproduktion tillf\u00e4lligt kan anpassas n\u00e4r eln\u00e4tet \u00e4r h\u00e5rt belastat. Akt\u00f6rer som deltar kan f\u00e5 ers\u00e4ttning f\u00f6r att till exempel s\u00e4nka effekten p\u00e5 en v\u00e4rmepump eller skjuta upp elbilsladdning under vissa timmar.<\/p>\n<p><strong>Vad \u00e4r baseline?<\/strong><br \/>Baseline \u00e4r en ber\u00e4kning av hur mycket el en akt\u00f6r normalt skulle anv\u00e4nda eller producera vid en viss tidpunkt. Ers\u00e4ttningen baseras p\u00e5 skillnaden mellan baseline och den faktiska f\u00f6rbrukningen eller produktion n\u00e4r flexibilitet aktiveras.<\/p>\n<p><strong>Vad g\u00f6r SWITCH?<\/strong><br \/>SWITCH \u00e4r den plattform d\u00e4r handeln med flexibilitet sker. E.ON har nu kopplat sina smarta elm\u00e4tare direkt till SWITCH och inf\u00f6rt en funktion f\u00f6r baseline-ber\u00e4kning \u2014 vilket g\u00f6r det enklare att delta utan extra teknik eller administration.<\/p>\n<p>E.ON Energidistribution driver elva lokala flexibilitetsmarknader \u00f6ver hela Sverige. Tillsammans motsvarar de en efterfr\u00e5gan p\u00e5 \u00f6ver 60 megawatt flexibel effekt under vinterperioden.\u00a0<\/p>\n<p><strong>E.ONs\u00a0flexibilitetsmarknader\u00a0<\/strong>\u00a0<\/p>\n<p>Omr\u00e5de\u202f\u202f\u202f\u202f\u202f\u202f\u202f\u202f \u202f\u202f\u202f\u202f\u202f\u202f\u202f\u202f\u202f\u202f\u202f\u202f\u202f\u202f\u202f\u202f\u202f\u202f\u202f\u202f\u202f\u202f\u202f\u202f\u202f\u202f\u202f\u202f\u202f\u202f\u202f\u202f\u202f\u202f\u202f\u202f\u202f\u202f\u202f\u202f\u202f\u202f\u202f\u202f\u202f\u202f\u202f\u202f\u202f\u202f\u202f Behov\u202f\u202f\u202f\u202f\u202f\u202f\u202f\u202f\u202f\u202f\u202f\u202f Antal timmar\/s\u00e4song\u00a0<\/p>\n<p>Brom\u00f6lla\u2013S\u00f6lvesborg \u202f\u202f\u202f\u202f\u202f\u202f\u202f\u202f\u202f\u202f\u202f\u202f\u202f\u202f\u202f3 MW \u202f\u202f\u202f\u202f\u202f\u202f\u202f\u202f\u202f\u202f\u202f\u202f\u202f 50\u2013100 \u202f\u00a0<\/p>\n<p>B\u00e5lsta\u202f\u202f\u202f\u202f\u202f\u202f\u202f\u202f\u202f\u202f\u202f\u202f\u202f\u202f\u202f\u202f\u202f\u202f\u202f\u202f\u202f\u202f\u202f\u202f\u202f\u202f\u202f\u202f\u202f\u202f\u202f\u202f\u202f\u202f\u202f\u202f\u202f\u202f\u202f\u202f\u202f\u202f\u202f\u202f\u202f\u202f\u202f\u202f\u202f\u202f\u202f\u202f\u202f\u202f\u202f\u202f\u202f\u202f\u202f\u202f\u202f\u202f\u202f\u202f\u00a0 \u00a0 2 MW\u202f\u202f\u202f\u202f\u202f\u202f\u202f\u202f\u202f\u202f\u202f\u202f\u202f 50\u2013100\u00a0\u00a0<\/p>\n<p>Enk\u00f6ping \u202f\u202f\u202f\u202f\u202f\u202f\u202f\u202f\u202f\u202f\u202f\u202f\u202f\u202f\u202f\u202f\u202f\u202f\u202f\u202f\u202f\u202f\u202f\u202f\u202f\u202f\u202f\u202f\u202f\u202f\u202f\u202f\u202f\u202f\u202f\u202f\u202f\u202f\u202f\u202f\u202f\u202f\u202f\u202f\u202f\u202f\u202f\u202f\u202f\u202f\u202f\u202f\u202f\u202f\u202f\u202f\u202f 3 MW\u202f\u202f\u202f\u202f\u202f\u202f\u202f\u202f\u202f\u202f\u202f\u202f\u202f\u202f 50\u2013100\u00a0\u00a0<\/p>\n<p>H\u00e4ssleholm \u202f\u202f\u202f\u202f\u202f\u202f\u202f\u202f\u202f\u202f\u202f\u202f\u202f\u202f\u202f\u202f\u202f\u202f\u202f\u202f\u202f\u202f\u202f\u202f\u202f\u202f\u202f\u202f\u202f\u202f\u202f\u202f\u202f\u202f\u202f\u202f\u202f\u202f\u202f\u202f\u202f\u202f\u202f\u202f\u202f\u202f\u202f\u202f\u202f\u202f7 MW\u202f\u202f\u202f\u202f\u202f\u202f\u202f\u202f\u202f\u202f\u202f\u202f\u202f\u202f 150\u2013300\u00a0\u00a0<\/p>\n<p>Kallh\u00e4ll\u202f\u202f\u202f\u202f\u202f\u202f\u202f\u202f\u202f\u202f\u202f\u202f\u202f\u202f\u202f\u202f\u202f\u202f\u202f\u202f\u202f\u202f\u202f\u202f\u202f\u202f\u202f\u202f\u202f\u202f\u202f\u202f\u202f\u202f\u202f\u202f\u202f\u202f\u202f\u202f\u202f\u202f\u202f\u202f\u202f\u202f\u202f\u202f\u202f\u202f\u202f\u202f\u202f\u202f\u202f\u202f\u202f\u202f\u202f\u202f\u202f\u202f\u00a0 \u00a02 MW\u202f\u202f\u202f\u202f\u202f\u202f\u202f\u202f\u202f\u202f\u202f\u202f\u202f\u202f 50\u2013100\u00a0\u00a0<\/p>\n<p>Kungs\u00e4ngen\u202f\u202f\u202f\u202f\u202f\u202f\u202f\u202f\u202f\u202f\u202f\u202f\u202f\u202f\u202f\u202f\u202f\u202f\u202f\u202f\u202f\u202f\u202f\u202f\u202f\u202f \u202f\u202f\u202f\u202f\u202f\u202f\u202f\u202f\u202f\u202f\u202f\u202f\u202f\u202f\u202f\u202f\u202f\u202f\u202f\u202f\u202f\u202f\u202f2,5 MW\u202f\u202f\u202f\u202f\u202f\u202f\u202f\u202f\u202f 50\u2013100\u00a0\u00a0<\/p>\n<p>Nord\u00f6stra Sk\u00e5ne\u202f\u202f\u202f\u202f\u202f\u202f\u202f\u202f\u202f\u202f\u202f\u202f\u202f\u202f\u202f\u202f\u202f\u202f\u202f\u202f\u202f\u202f\u202f\u202f\u202f\u202f\u202f\u202f\u202f\u202f\u202f\u202f\u202f\u202f\u202f\u202f10 MW\u202f\u202f\u202f\u202f\u202f\u202f\u202f\u202f\u202f\u202f\u202f 50\u2013100\u00a0\u00a0<\/p>\n<p>Norra \u00d6rebro\u202f\u202f\u202f\u202f\u202f\u202f\u202f\u202f\u202f\u202f\u202f\u202f\u202f\u202f\u202f\u202f\u202f\u202f\u202f\u202f\u202f\u202f\u202f\u202f\u202f\u202f\u202f\u202f\u202f\u202f\u202f\u202f\u202f\u202f\u202f\u202f\u202f\u202f\u202f\u202f\u202f\u202f\u202f\u202f\u202f\u202f\u202f\u202f\u202f\u202f 2 MW\u202f\u202f\u202f\u202f\u202f\u202f\u202f\u202f\u202f\u202f\u202f\u202f\u202f\u202f 50\u2013100\u00a0\u00a0<\/p>\n<p>S\u00f6dra Sk\u00e5ne (regionn\u00e4t)\u202f\u202f\u202f\u202f\u202f\u202f\u202f\u202f\u202f\u202f\u202f30 MW\u202f\u202f\u202f\u202f\u202f\u202f\u202f\u202f\u202f\u202f\u202f 50\u2013100\u00a0\u00a0<\/p>\n<p>Vaxholm\u202f\u202f\u202f\u202f\u202f\u202f\u202f\u202f\u202f\u202f\u202f\u202f\u202f\u202f\u202f\u202f\u202f\u202f\u202f\u202f\u202f\u202f\u202f\u202f\u202f\u202f\u202f\u202f\u202f\u202f\u202f\u202f\u202f\u202f\u202f\u202f\u202f\u202f\u202f\u202f\u202f\u202f\u202f\u202f\u202f\u202f\u202f\u202f\u202f\u202f\u202f\u202f\u202f\u202f\u202f\u202f\u202f\u202f\u202f\u00a0 \u00a0 \u00a02 MW\u202f\u202f\u202f\u202f\u202f\u202f\u202f\u202f\u202f\u202f\u202f\u202f\u202f\u202f 50\u2013100\u00a0\u00a0<\/p>\n<p>\u00c4lmhult\u2013Osby\u202f\u202f\u202f\u202f\u202f\u202f\u202f\u202f\u202f\u202f\u202f\u202f\u202f\u202f\u202f\u202f\u202f\u202f\u202f\u202f\u202f\u202f\u202f\u202f\u202f\u202f\u202f\u202f\u202f\u202f\u202f\u202f\u202f\u202f\u202f\u202f\u202f\u202f\u202f\u202f\u202f\u202f\u202f\u202f\u202f\u202f\u202f\u202f 3 MW\u202f\u202f\u202f\u202f\u202f\u202f\u202f\u202f\u202f\u202f\u202f\u202f\u202f\u202f 50\u2013100\u00a0\u00a0<\/p>\n","protected":false},"excerpt":{"rendered":"\u2013 Flexibilitet \u00e4r en nyckel till framtidens energisystem. Genom att frig\u00f6ra kapacitet och anv\u00e4nda det befintliga eln\u00e4tet mer&hellip;\n","protected":false},"author":2,"featured_media":88518,"comment_status":"","ping_status":"","sticky":false,"template":"","format":"standard","meta":{"footnotes":""},"categories":[65],"tags":[72,70,71,34,31,33,32,30],"class_list":{"0":"post-88517","1":"post","2":"type-post","3":"status-publish","4":"format-standard","5":"has-post-thumbnail","7":"category-ekonomi","8":"tag-business","9":"tag-economy","10":"tag-ekonomi","11":"tag-se","12":"tag-svenska","13":"tag-sverige","14":"tag-sweden","15":"tag-swedish"},"share_on_mastodon":{"url":"https:\/\/pubeurope.com\/@se\/115604875068913896","error":""},"_links":{"self":[{"href":"https:\/\/www.europesays.com\/se\/wp-json\/wp\/v2\/posts\/88517","targetHints":{"allow":["GET"]}}],"collection":[{"href":"https:\/\/www.europesays.com\/se\/wp-json\/wp\/v2\/posts"}],"about":[{"href":"https:\/\/www.europesays.com\/se\/wp-json\/wp\/v2\/types\/post"}],"author":[{"embeddable":true,"href":"https:\/\/www.europesays.com\/se\/wp-json\/wp\/v2\/users\/2"}],"replies":[{"embeddable":true,"href":"https:\/\/www.europesays.com\/se\/wp-json\/wp\/v2\/comments?post=88517"}],"version-history":[{"count":0,"href":"https:\/\/www.europesays.com\/se\/wp-json\/wp\/v2\/posts\/88517\/revisions"}],"wp:featuredmedia":[{"embeddable":true,"href":"https:\/\/www.europesays.com\/se\/wp-json\/wp\/v2\/media\/88518"}],"wp:attachment":[{"href":"https:\/\/www.europesays.com\/se\/wp-json\/wp\/v2\/media?parent=88517"}],"wp:term":[{"taxonomy":"category","embeddable":true,"href":"https:\/\/www.europesays.com\/se\/wp-json\/wp\/v2\/categories?post=88517"},{"taxonomy":"post_tag","embeddable":true,"href":"https:\/\/www.europesays.com\/se\/wp-json\/wp\/v2\/tags?post=88517"}],"curies":[{"name":"wp","href":"https:\/\/api.w.org\/{rel}","templated":true}]}}