{"id":88524,"date":"2025-11-24T13:29:08","date_gmt":"2025-11-24T13:29:08","guid":{"rendered":"https:\/\/www.europesays.com\/se\/88524\/"},"modified":"2025-11-24T13:29:08","modified_gmt":"2025-11-24T13:29:08","slug":"fotboll-kim-hellberg-klar-for-middlesbrough","status":"publish","type":"post","link":"https:\/\/www.europesays.com\/se\/88524\/","title":{"rendered":"Fotboll: Kim Hellberg klar f\u00f6r Middlesbrough"},"content":{"rendered":"<p>Det har ryktats en hel del den senaste veckan om var Kim Hellbergs n\u00e4sta tr\u00e4naruppdrag kommer att vara. Nu st\u00e5r det allts\u00e5 klart att det \u00e4r Middlesbrough i The Championship.<\/p>\n<p>\u2013 Kim Hellberg \u00e4r n\u00e5gon jag har haft ett tag. Han \u00e4r v\u00e4lk\u00e4nd i europeisk fotboll som en lovande huvudtr\u00e4nare och f\u00e5ngade m\u00e5ngas uppm\u00e4rksamhet n\u00e4r han gjorde det riktigt bra i Hammarby, s\u00e4ger klubbens fotbollschef Kieran Scott.<\/p>\n<p>Kim Hellberg f\u00e5r med sig David Selini och har tr\u00e4ffat sina nya spelare. <\/p>\n<p>\u2013 Det finns m\u00e5nga saker som g\u00f6r \u201dBoro\u201d till det perfekta valet f\u00f6r mig. Deras spelstil och hur de vill spela, i kombination med publiken, passar mig och hur jag vill arbeta, s\u00e4ger Hellberg till Middlesbroughs hemsida. <\/p>\n<p>Kim Hellberg kom till Hammarby fr\u00e5n IFK V\u00e4rnamo 2024 och tog tv\u00e5 andraplatser i rad under sin tid. <\/p>\n<p>\u2013 Det har varit en fantastisk tid i Hammarby d\u00e4r jag har v\u00e4xt b\u00e5de som ledare och m\u00e4nniska. Mina tv\u00e5 \u00e5r i klubben har varit v\u00e4ldigt l\u00e4rorika och vi har skapat minnen som jag kommer ha med mig f\u00f6r resten av livet. Jag vill passa p\u00e5 att tacka alla fantastiska spelare, ledare och alla runt klubben som varit en del av resan. Till sist vill jag tacka alla fantastiska supportrar, s\u00e4ger Kim Hellberg p\u00e5 Hammarbys kanaler.<\/p>\n","protected":false},"excerpt":{"rendered":"Det har ryktats en hel del den senaste veckan om var Kim Hellbergs n\u00e4sta tr\u00e4naruppdrag kommer att vara.&hellip;\n","protected":false},"author":2,"featured_media":88525,"comment_status":"","ping_status":"","sticky":false,"template":"","format":"standard","meta":{"footnotes":""},"categories":[5],"tags":[22,23,26,27,17,21,24,25,28,29,15,16,18,34,31,33,32,30,19,20],"class_list":{"0":"post-88524","1":"post","2":"type-post","3":"status-publish","4":"format-standard","5":"has-post-thumbnail","7":"category-rubriker","8":"tag-breaking-news","9":"tag-breakingnews","10":"tag-featured-news","11":"tag-featurednews","12":"tag-headlines","13":"tag-huvudnyheter","14":"tag-latest-news","15":"tag-latestnews","16":"tag-main-news","17":"tag-mainnews","18":"tag-news","19":"tag-nyheter","20":"tag-rubriker","21":"tag-se","22":"tag-svenska","23":"tag-sverige","24":"tag-sweden","25":"tag-swedish","26":"tag-top-stories","27":"tag-topstories"},"share_on_mastodon":{"url":"https:\/\/pubeurope.com\/@se\/115604918361645535","error":""},"_links":{"self":[{"href":"https:\/\/www.europesays.com\/se\/wp-json\/wp\/v2\/posts\/88524","targetHints":{"allow":["GET"]}}],"collection":[{"href":"https:\/\/www.europesays.com\/se\/wp-json\/wp\/v2\/posts"}],"about":[{"href":"https:\/\/www.europesays.com\/se\/wp-json\/wp\/v2\/types\/post"}],"author":[{"embeddable":true,"href":"https:\/\/www.europesays.com\/se\/wp-json\/wp\/v2\/users\/2"}],"replies":[{"embeddable":true,"href":"https:\/\/www.europesays.com\/se\/wp-json\/wp\/v2\/comments?post=88524"}],"version-history":[{"count":0,"href":"https:\/\/www.europesays.com\/se\/wp-json\/wp\/v2\/posts\/88524\/revisions"}],"wp:featuredmedia":[{"embeddable":true,"href":"https:\/\/www.europesays.com\/se\/wp-json\/wp\/v2\/media\/88525"}],"wp:attachment":[{"href":"https:\/\/www.europesays.com\/se\/wp-json\/wp\/v2\/media?parent=88524"}],"wp:term":[{"taxonomy":"category","embeddable":true,"href":"https:\/\/www.europesays.com\/se\/wp-json\/wp\/v2\/categories?post=88524"},{"taxonomy":"post_tag","embeddable":true,"href":"https:\/\/www.europesays.com\/se\/wp-json\/wp\/v2\/tags?post=88524"}],"curies":[{"name":"wp","href":"https:\/\/api.w.org\/{rel}","templated":true}]}}