{"id":88532,"date":"2025-11-24T13:37:32","date_gmt":"2025-11-24T13:37:32","guid":{"rendered":"https:\/\/www.europesays.com\/se\/88532\/"},"modified":"2025-11-24T13:37:32","modified_gmt":"2025-11-24T13:37:32","slug":"black-fridag-2025-nu-satter-vi-spratt-pa-pengarna","status":"publish","type":"post","link":"https:\/\/www.europesays.com\/se\/88532\/","title":{"rendered":"Black Fridag 2025 &#8211; nu s\u00e4tter vi spr\u00e4tt p\u00e5 pengarna"},"content":{"rendered":"<p>\u00a0<\/p>\n<p>\u00c4r det verkligen en indikator p\u00e5 f\u00f6rb\u00e4ttrad ekonomi?<\/p>\n<p>En intressant fr\u00e5ga \u00e4r hur k\u00f6pbeteendet i rana siffror f\u00f6r\u00e4ndrats n\u00e4r privatpersonen haft mindre slantar i pl\u00e5nboken.<\/p>\n<p>Ja, tittar vi i USA \u00e4r det i alla fall solklart att f\u00f6rs\u00e4ljningen alltid \u00f6kat under Black Friday, helt oavsett de h\u00f6gre r\u00e4ntorna.<\/p>\n<p>Online-f\u00f6rs\u00e4ljning Black Friday (USA)<\/p>\n<ul>\n<li>2024: 10,8 miljarder USD<\/li>\n<li>2023: 9,8 miljarder USD<\/li>\n<li>2022: 9,23 miljarder USD<\/li>\n<li>2021 8,92 miljarder USD<\/li>\n<\/ul>\n<p>\u00a0<\/p>\n<p>Det h\u00e4r \u00e4r som sagt bara siffror fr\u00e5n USA. I Sverige blir det sv\u00e5rare att ta fram bra statistik tyv\u00e4rr.<\/p>\n<p>Enligt Svea Bank (via Prisjakt) minskade faktiskt oms\u00e4ttningen f\u00f6r sj\u00e4lva Black Friday-dagen i Sverige f\u00f6rra \u00e5ret j\u00e4mf\u00f6rt med 2023. <strong>\u2212<\/strong><strong>5,1%<\/strong> om vi j\u00e4mf\u00f6rt 2023 mot 2024. Det \u00e4r \u00e4nd\u00e5 en del. Samtidigt kanske fler i st\u00f6rre utstr\u00e4ckning v\u00e4ljer att handla tidigare under Black Week, vad vet jag\u2026<\/p>\n<p>I Sverige kan vi allts\u00e5 se att f\u00e4rre valde att k\u00f6pa n\u00e5got f\u00f6rra \u00e5ret. Om det har med den anstr\u00e4ngda ekonomin att g\u00f6ra vet jag inte, men det verkar \u00e4nd\u00e5 troligt.<\/p>\n<p>\u00a0<\/p>\n<p>Summa summarum \u00e4r det \u00e4nd\u00e5 tr\u00e5kigt att Black Friday och Black Week sker i samband med ny l\u00f6n d\u00e5 k\u00f6psuget \u00e4r som allra st\u00f6rst. Jag tror fortsatt att m\u00e5nga v\u00e4ljer att scrolla vidare f\u00f6r att f\u00f6rs\u00f6ka hitta fynd. Sedan \u00e4r fr\u00e5gan hur mycket av dessa prylar som sedan ligger utan att bli n\u00e4mnv\u00e4rt anv\u00e4nda. B\u00e4ttre \u00e4r det att investera pengarna.<\/p>\n<p>Redan 2020 skrev jag om att svensken har oanv\u00e4nda prylar f\u00f6r ca 30 000 kr i snitt hemma. Den siffran har nog inte minskat p\u00e5 5 \u00e5r skulle jag gissa.<\/p>\n<p>Minns ni f\u00f6rresten den tid d\u00e5 Avanza brukade k\u00f6ra courtagefritt i USA under Black Friday? Det var b\u00e4sta dealen n\u00e5gonsin \ud83d\ude42<\/p>\n<p>\u00a0<\/p>\n","protected":false},"excerpt":{"rendered":"\u00a0 \u00c4r det verkligen en indikator p\u00e5 f\u00f6rb\u00e4ttrad ekonomi? En intressant fr\u00e5ga \u00e4r hur k\u00f6pbeteendet i rana siffror&hellip;\n","protected":false},"author":2,"featured_media":88533,"comment_status":"","ping_status":"","sticky":false,"template":"","format":"standard","meta":{"footnotes":""},"categories":[5],"tags":[22,23,26,27,17,21,24,25,28,29,15,16,18,34,31,33,32,30,19,20],"class_list":{"0":"post-88532","1":"post","2":"type-post","3":"status-publish","4":"format-standard","5":"has-post-thumbnail","7":"category-rubriker","8":"tag-breaking-news","9":"tag-breakingnews","10":"tag-featured-news","11":"tag-featurednews","12":"tag-headlines","13":"tag-huvudnyheter","14":"tag-latest-news","15":"tag-latestnews","16":"tag-main-news","17":"tag-mainnews","18":"tag-news","19":"tag-nyheter","20":"tag-rubriker","21":"tag-se","22":"tag-svenska","23":"tag-sverige","24":"tag-sweden","25":"tag-swedish","26":"tag-top-stories","27":"tag-topstories"},"share_on_mastodon":{"url":"https:\/\/pubeurope.com\/@se\/115604949788600630","error":""},"_links":{"self":[{"href":"https:\/\/www.europesays.com\/se\/wp-json\/wp\/v2\/posts\/88532","targetHints":{"allow":["GET"]}}],"collection":[{"href":"https:\/\/www.europesays.com\/se\/wp-json\/wp\/v2\/posts"}],"about":[{"href":"https:\/\/www.europesays.com\/se\/wp-json\/wp\/v2\/types\/post"}],"author":[{"embeddable":true,"href":"https:\/\/www.europesays.com\/se\/wp-json\/wp\/v2\/users\/2"}],"replies":[{"embeddable":true,"href":"https:\/\/www.europesays.com\/se\/wp-json\/wp\/v2\/comments?post=88532"}],"version-history":[{"count":0,"href":"https:\/\/www.europesays.com\/se\/wp-json\/wp\/v2\/posts\/88532\/revisions"}],"wp:featuredmedia":[{"embeddable":true,"href":"https:\/\/www.europesays.com\/se\/wp-json\/wp\/v2\/media\/88533"}],"wp:attachment":[{"href":"https:\/\/www.europesays.com\/se\/wp-json\/wp\/v2\/media?parent=88532"}],"wp:term":[{"taxonomy":"category","embeddable":true,"href":"https:\/\/www.europesays.com\/se\/wp-json\/wp\/v2\/categories?post=88532"},{"taxonomy":"post_tag","embeddable":true,"href":"https:\/\/www.europesays.com\/se\/wp-json\/wp\/v2\/tags?post=88532"}],"curies":[{"name":"wp","href":"https:\/\/api.w.org\/{rel}","templated":true}]}}