{"id":88542,"date":"2025-11-24T13:46:08","date_gmt":"2025-11-24T13:46:08","guid":{"rendered":"https:\/\/www.europesays.com\/se\/88542\/"},"modified":"2025-11-24T13:46:08","modified_gmt":"2025-11-24T13:46:08","slug":"folkhalsomyndigheten-till-dig-med-hemtjanst-vaccinera-dig","status":"publish","type":"post","link":"https:\/\/www.europesays.com\/se\/88542\/","title":{"rendered":"Folkh\u00e4lsomyndigheten till dig med hemtj\u00e4nst: Vaccinera dig!"},"content":{"rendered":"<p>L\u00e5g smittspridning kan \u00e4ndras snabbt<\/p>\n<p>Just nu \u00e4r smittspridningen l\u00e5g, men utvecklingen inf\u00f6r vintern \u00e4r fortfarande os\u00e4ker. Folkh\u00e4lsomyndigheten understryker att den som rekommenderas vaccination f\u00e5r b\u00e4st skydd om sprutan tas innan smittan tagit fart.<\/p>\n<p>ANNONS<\/p>\n<p>I \u00e5r g\u00e4ller dessutom nya rekommendationer.<\/p>\n<p>\u00c5ldersgr\u00e4nsen f\u00f6r gratis covidvaccin har h\u00f6jts fr\u00e5n 65 till 75 \u00e5r. Riskgrupper rekommenderas fortfarande vaccin, men f\u00f6r m\u00e5nga av dem har gr\u00e4nsen h\u00f6jts till 50 \u00e5r. Den s\u00e5 kallade \u201dv\u00e5rdos-rekommendationen\u201d \u00e4r ocks\u00e5 borttagen, vilket betyder att riskgrupper bara beh\u00f6ver vaccinera sig p\u00e5 h\u00f6sten.<\/p>\n<p>Sprids via hemtj\u00e4nst<\/p>\n<p>F\u00f6r den som inte tillh\u00f6r de rekommenderade grupperna \u00e4r vaccinationen fortfarande m\u00f6jlig, men den kostar. Avgiften varierar mellan regioner \u2013 fr\u00e5n 180 till 220 kronor per vaccin \u2013 och g\u00e4ller b\u00e5de covid-19 och influensa.<\/p>\n<p>Myndigheten ser fortsatt vaccination som det b\u00e4sta s\u00e4ttet att skydda sig inf\u00f6r vinters\u00e4songen.<\/p>\n<p>L\u00e4s mer om ekonomi:<\/p>\n<p><a href=\"https:\/\/www.news55.se\/privatekonomi\/ingen-har-sa-hog-pension-som-anna-karin-hatt-c\/\" rel=\"nofollow noopener\" target=\"_blank\">Ingen har s\u00e5 h\u00f6g pension som Anna-Karin Hatt (C)<\/a><\/p>\n<p><a href=\"https:\/\/www.news55.se\/privatekonomi\/tvart-om-professorn-vand-pa-a-kassan-180-grader-hoj-i-slutet\/\" rel=\"nofollow noopener\" target=\"_blank\">Tv\u00e4rt-om-professorn: V\u00e4nd p\u00e5 a-kassan 180 grader \u2013 \u201cH\u00f6j i slutet\u201d<\/a><\/p>\n<p>ANNONS<\/p>\n<p><a href=\"https:\/\/www.news55.se\/privatekonomi\/legendaren-settergren-slopa-gasen-i-svensk-pension\/\" rel=\"nofollow noopener\" target=\"_blank\">Legendaren Settergren: Slopa \u201cgasen\u201d i svensk pension<\/a><\/p>\n<p><a href=\"https:\/\/www.news55.se\/privatekonomi\/jubel-svenskarna-snittar-en-halv-miljon-i-sparande\/\" rel=\"nofollow noopener\" target=\"_blank\">Jubel! Svenskarna snittar en halv miljon i sparande<\/a><\/p>\n<p><a href=\"https:\/\/www.news55.se\/privatekonomi\/68-procent-valjer-bort-aldre-personal-alderism\/\" rel=\"nofollow noopener\" target=\"_blank\">68 procent v\u00e4ljer bort \u00e4ldre personal: \u201c\u00c5lderism\u201d<\/a><a href=\"https:\/\/www.news55.se\/privatekonomi\/ingen-har-sa-hog-pension-som-anna-karin-hatt-c\/\" rel=\"nofollow noopener\" target=\"_blank\"><br \/><\/a><\/p>\n<p>L\u00e4s mer fr\u00e5n News55 &#8211; v\u00e5rt nyhetsbrev \u00e4r kostnadsfritt:Prenumerera<\/p>\n","protected":false},"excerpt":{"rendered":"L\u00e5g smittspridning kan \u00e4ndras snabbt Just nu \u00e4r smittspridningen l\u00e5g, men utvecklingen inf\u00f6r vintern \u00e4r fortfarande os\u00e4ker. Folkh\u00e4lsomyndigheten&hellip;\n","protected":false},"author":2,"featured_media":88543,"comment_status":"","ping_status":"","sticky":false,"template":"","format":"standard","meta":{"footnotes":""},"categories":[69],"tags":[5900,1624,113,112,8058,34,2298,31,33,32,30,634,2931,4103],"class_list":{"0":"post-88542","1":"post","2":"type-post","3":"status-publish","4":"format-standard","5":"has-post-thumbnail","7":"category-halsa","8":"tag-alder","9":"tag-folkhalsomyndigheten","10":"tag-halsa","11":"tag-health","12":"tag-hemtjanst","13":"tag-se","14":"tag-sjukvard","15":"tag-svenska","16":"tag-sverige","17":"tag-sweden","18":"tag-swedish","19":"tag-vaccin","20":"tag-vaccinering","21":"tag-vard"},"share_on_mastodon":{"url":"https:\/\/pubeurope.com\/@se\/115604985258718017","error":""},"_links":{"self":[{"href":"https:\/\/www.europesays.com\/se\/wp-json\/wp\/v2\/posts\/88542","targetHints":{"allow":["GET"]}}],"collection":[{"href":"https:\/\/www.europesays.com\/se\/wp-json\/wp\/v2\/posts"}],"about":[{"href":"https:\/\/www.europesays.com\/se\/wp-json\/wp\/v2\/types\/post"}],"author":[{"embeddable":true,"href":"https:\/\/www.europesays.com\/se\/wp-json\/wp\/v2\/users\/2"}],"replies":[{"embeddable":true,"href":"https:\/\/www.europesays.com\/se\/wp-json\/wp\/v2\/comments?post=88542"}],"version-history":[{"count":0,"href":"https:\/\/www.europesays.com\/se\/wp-json\/wp\/v2\/posts\/88542\/revisions"}],"wp:featuredmedia":[{"embeddable":true,"href":"https:\/\/www.europesays.com\/se\/wp-json\/wp\/v2\/media\/88543"}],"wp:attachment":[{"href":"https:\/\/www.europesays.com\/se\/wp-json\/wp\/v2\/media?parent=88542"}],"wp:term":[{"taxonomy":"category","embeddable":true,"href":"https:\/\/www.europesays.com\/se\/wp-json\/wp\/v2\/categories?post=88542"},{"taxonomy":"post_tag","embeddable":true,"href":"https:\/\/www.europesays.com\/se\/wp-json\/wp\/v2\/tags?post=88542"}],"curies":[{"name":"wp","href":"https:\/\/api.w.org\/{rel}","templated":true}]}}