{"id":88556,"date":"2025-11-24T14:03:17","date_gmt":"2025-11-24T14:03:17","guid":{"rendered":"https:\/\/www.europesays.com\/se\/88556\/"},"modified":"2025-11-24T14:03:17","modified_gmt":"2025-11-24T14:03:17","slug":"kritiken-mot-alexander-isak-vaxer-storsta-misslyckandet-i-historien-premier-league","status":"publish","type":"post","link":"https:\/\/www.europesays.com\/se\/88556\/","title":{"rendered":"Kritiken mot Alexander Isak v\u00e4xer: \u201dSt\u00f6rsta misslyckandet i historien\u201d | Premier League"},"content":{"rendered":"<p>Publicerad 24 nov 2025 kl 10.32Uppdaterad kl 10.40<\/p>\n<p>Att vara Premier Leagues dyraste spelare n\u00e5gonsin kommer med viss press.<\/p>\n<p>Inte l\u00e4r den bli mindre nu \u2013 n\u00e4r de kritiska r\u00f6sterna mot Alexander Isak blir allt fler.<\/p>\n<p>Bed\u00f6mningen?<\/p>\n<p>\u201dEtt stort problem\u201d, \u201den passagerare\u201d och \u201ddet st\u00f6rsta misslyckandet i historien\u201d.<\/p>\n<p><img   alt=\"\"\/><\/p>\n<p>Alexander Isak har f\u00e5tt en mardr\u00f6msstart i Liverpool.<\/p>\n<p>Foto: PHIL NOBLE \/ REUTERS BILDBYR\u00c5N<\/p>\n<p>\u00d6ppna bild i helsk\u00e4rm<img loading=\"lazy\"   alt=\"\"\/><\/p>\n<p>Svenken har pl\u00e5gats av skador sedan han anl\u00e4nde sent i sommarf\u00f6nstret.<\/p>\n<p>Foto: MATT WEST\/SHUTTERSTOCK \/ SHUTTERSTOCK EDITORIAL\/IBL<\/p>\n<p>\u00d6ppna bild i helsk\u00e4rm<\/p>\n<p>Ett m\u00e5l har det blivit f\u00f6r <a href=\"https:\/\/www.expressen.se\/tagg\/person\/alexander-isak\/\" class=\"\" rel=\"nofollow noopener\" target=\"_blank\">Alexander Isak<\/a> i Liverpool.<\/p>\n<p>I ligacupsegern mot Southampton i september slog svensken till och gjorde 1\u20130-m\u00e5let.<\/p>\n<p>I \u00f6vrigt har de 1,6 miljarder kronor han s\u00e5ldes f\u00f6r inte lett till s\u00e5 v\u00e4rst mycket. I alla fall inte i form av ren po\u00e4ngproduktion.<\/p>\n<p>Artikeln i korthet<\/p>\n<p> Alexander Isak har bara gjort ett m\u00e5l f\u00f6r Liverpool och laget har f\u00f6rlorat alla matcher han startat i ligan.<\/p>\n<p> Kritiken v\u00e4xer \u2013 han beskrivs som \u201den passagerare\u201d och \u201dett stort problem\u201d f\u00f6r klubben.<\/p>\n<p> Vissa kallar v\u00e4rvningen \u201ddet st\u00f6rsta misslyckandet i historien\u201d.<\/p>\n<p>Visa mer<\/p>\n<p>D\u00e4rtill har laget f\u00f6rlorat samtliga av de fyra Premier League-matcher som Alexander Isak startat i.<\/p>\n<p>Det \u00e4r f\u00f6rsta g\u00e5ngen det h\u00e4nder ett nyf\u00f6rv\u00e4rv i klubben sedan 1906.<\/p>\n<p>Liverpool ligger elva i Premier League, efter att ha f\u00f6rlorat sex av sina sju senaste matcher.<\/p>\n<p>\u201dHan ser ut som en passagerare\u201d<\/p>\n<p>Nu ljuder kritiska r\u00f6ster kring Alexander Isaks f\u00f6rsta tid i den r\u00f6da tr\u00f6jan. Athletic-journalisten Oliver Kay st\u00e5r i frontlinjen.<\/p>\n<p>\u201dDet finns 125 miljoner sk\u00e4l till varf\u00f6r Alexander Isak h\u00e5ller p\u00e5 att bli ett stort problem f\u00f6r Liverpool\u201d, <a href=\"https:\/\/www.nytimes.com\/athletic\/6831570\/2025\/11\/24\/alexander-isak-liverpool-record-fee-transfer\/?source=emp_shared_article\" rel=\"nofollow noopener\" target=\"_blank\">skriver han<\/a>.<\/p>\n<p>Kay lyfter att Isak kan vara tyngd av den \u201dpsykiska b\u00f6rda\u201d som hans prislapp f\u00f6rt med sig.<\/p>\n<p>\u201dDet r\u00e5der ingen brist p\u00e5 problem f\u00f6r Arne Slot att ta itu med i Liverpool (&#8230;) men hans 125 miljoner pund dyra anfallare st\u00e5r h\u00f6gt p\u00e5 listan\u201d, skriver han och forts\u00e4tter:<\/p>\n<p>\u201dHan ser ut som en passagerare, och just nu har Liverpool inte r\u00e5d med passagerare.\u201d<\/p>\n<p>\u201dSt\u00f6rsta misslyckandet i historien\u201d<\/p>\n<p>Om ovan n\u00e4mnda kritik var framf\u00f6rd med viss nyans, och med visst beaktande av den h\u00f6ga pressen Isak brottas med, s\u00e5 \u00e4r det inget Talksport-kommentatorn Tony Cascarino \u00e4gnar sig \u00e5t.<\/p>\n<p>Efter s\u00f6ndagens 0\u20133-f\u00f6rlust mot Nottingham Forest, d\u00e4r Isak \u00e4n en g\u00e5ng byttes ut m\u00e5ll\u00f6s, dundrade han i <a href=\"https:\/\/x.com\/talkSPORT\/status\/1992624181197086918?s=20\" rel=\"nofollow\">studion<\/a>:<\/p>\n<p>\u2013 Det kan vara det st\u00f6rsta misslyckandet i historien av v\u00e4rvningar!<\/p>\n<p>Liverpool spelar sin n\u00e4stkommande match mot PSV i Champions League under onsdagen.<\/p>\n","protected":false},"excerpt":{"rendered":"Publicerad 24 nov 2025 kl 10.32Uppdaterad kl 10.40 Att vara Premier Leagues dyraste spelare n\u00e5gonsin kommer med viss&hellip;\n","protected":false},"author":2,"featured_media":88557,"comment_status":"","ping_status":"","sticky":false,"template":"","format":"standard","meta":{"footnotes":""},"categories":[68],"tags":[246,243,34,129,242,111,110,31,33,32,30],"class_list":{"0":"post-88556","1":"post","2":"type-post","3":"status-publish","4":"format-standard","5":"has-post-thumbnail","7":"category-sport","8":"tag-organization-liverpool-fc","9":"tag-person-alexander-isak","10":"tag-se","11":"tag-sections-fotboll","12":"tag-sections-premierleague","13":"tag-sport","14":"tag-sports","15":"tag-svenska","16":"tag-sverige","17":"tag-sweden","18":"tag-swedish"},"share_on_mastodon":{"url":"https:\/\/pubeurope.com\/@se\/115605052080339347","error":""},"_links":{"self":[{"href":"https:\/\/www.europesays.com\/se\/wp-json\/wp\/v2\/posts\/88556","targetHints":{"allow":["GET"]}}],"collection":[{"href":"https:\/\/www.europesays.com\/se\/wp-json\/wp\/v2\/posts"}],"about":[{"href":"https:\/\/www.europesays.com\/se\/wp-json\/wp\/v2\/types\/post"}],"author":[{"embeddable":true,"href":"https:\/\/www.europesays.com\/se\/wp-json\/wp\/v2\/users\/2"}],"replies":[{"embeddable":true,"href":"https:\/\/www.europesays.com\/se\/wp-json\/wp\/v2\/comments?post=88556"}],"version-history":[{"count":0,"href":"https:\/\/www.europesays.com\/se\/wp-json\/wp\/v2\/posts\/88556\/revisions"}],"wp:featuredmedia":[{"embeddable":true,"href":"https:\/\/www.europesays.com\/se\/wp-json\/wp\/v2\/media\/88557"}],"wp:attachment":[{"href":"https:\/\/www.europesays.com\/se\/wp-json\/wp\/v2\/media?parent=88556"}],"wp:term":[{"taxonomy":"category","embeddable":true,"href":"https:\/\/www.europesays.com\/se\/wp-json\/wp\/v2\/categories?post=88556"},{"taxonomy":"post_tag","embeddable":true,"href":"https:\/\/www.europesays.com\/se\/wp-json\/wp\/v2\/tags?post=88556"}],"curies":[{"name":"wp","href":"https:\/\/api.w.org\/{rel}","templated":true}]}}