{"id":88580,"date":"2025-11-24T14:33:11","date_gmt":"2025-11-24T14:33:11","guid":{"rendered":"https:\/\/www.europesays.com\/se\/88580\/"},"modified":"2025-11-24T14:33:11","modified_gmt":"2025-11-24T14:33:11","slug":"sd-inte-ett-parti-for-tjejer-med-sma-brost","status":"publish","type":"post","link":"https:\/\/www.europesays.com\/se\/88580\/","title":{"rendered":"SD \u2013 inte ett parti f\u00f6r tjejer med sm\u00e5 br\u00f6st"},"content":{"rendered":"<p>Victor Malm<\/p>\n<p>Publicerad 24 nov 2025 kl 11.48Uppdaterad kl 14.56<\/p>\n<p>En komiker v\u00e4ckte starka reaktioner p\u00e5 SD:s landsdagar.<\/p>\n<p>Victor Malm g\u00e5r till botten med sverigev\u00e4nlig l\u00e4ttkr\u00e4nkthet.<\/p>\n<p><img   alt=\"\"\/><\/p>\n<p>Sverigedemokraterna hyllar sin ledare p\u00e5 partiets landsdagar i \u00d6rebro.<\/p>\n<p>Foto: SVEN LINDWALL<\/p>\n<p>\u00d6ppna bild i helsk\u00e4rm<img   alt=\"\"\/>Victor Malm<\/p>\n<p><strong>KOMMENTAR. <\/strong>Komikern <strong>Viktor Klemming <\/strong>fick i helgen smaka p\u00e5 den sverigev\u00e4nliga l\u00e4ttkr\u00e4nktheten.<\/p>\n<p>Inbjuden som clown till SD:s landsdagar drog han s\u00e5 grova sk\u00e4mt att n\u00e5gra i publiken \u2013 som traditionellt identifierar sig som motst\u00e5ndare till l\u00e4ttkr\u00e4nkta sn\u00f6flingor \u2013 l\u00e4mnade rummet, och ytterligare n\u00e5gra gick upp p\u00e5 scenen f\u00f6r att avbryta honom. Vissa saker \u00e4r inte okej att sk\u00e4mta om! Till exempel att stora br\u00f6st \u00e4r bra, kvinnlig r\u00f6str\u00e4tt d\u00e5lig, n\u00e5got om pedofili, samt skillnaden mellan <strong>Jimmie \u00c5kessons<\/strong> och <strong>Hitlers <\/strong>pungkulor.<\/p>\n<p>M\u00f6jligen talar vi om ett slags patriotisk sk\u00f6rhet.<\/p>\n<p>En sorts glutenintolerans f\u00f6r nationalister.<\/p>\n<p>\u201dM\u00f6jligt att kvinnor med sm\u00e5 br\u00f6st tog illa vid sig\u201d <a href=\"https:\/\/www.expressen.se\/nyheter\/politik\/sexskamt-pa-sds-landsdagar-flera-lamnade\/\" rel=\"nofollow noopener\" target=\"_blank\">sa en tuffing<\/a> till Expressen.<\/p>\n<p>H\u00e4ndelsen borde inte f\u00f6rv\u00e5na n\u00e5gon.<\/p>\n<p>K\u00e4nsloutbrottet var bara kulmen p\u00e5 en l\u00e5ng process.\u00a0<\/p>\n<blockquote><p>Men det sverigedemokratiska cancelleringsf\u00f6rs\u00f6ket \u00e4r mer intressant \u00e4nd\u00e5.<\/p><\/blockquote>\n<p>H\u00e4romveckan p\u00e5stod <strong>Messiah Hallberg <\/strong>att den svenska h\u00f6gern \u00e4r s\u00e4rskilt l\u00e4ttkr\u00e4nkt i en intervju med Expressens <strong>Jens Liljestrand<\/strong>, och g\u00e5r man in p\u00e5 h\u00f6gerns favoritapp \u2013 X \u2013 st\u00e5r det svart p\u00e5 vitt: ocks\u00e5 i regeringsst\u00e4llning p\u00e5minner deras offentliga beteende som en algoritm tr\u00e4nad p\u00e5 indignation.\u00a0<\/p>\n<p>Man letar efter f\u00f6rol\u00e4mpningar som kan veva i g\u00e5ng maskineriet.<\/p>\n<p><strong>Henrik J\u00f6nssons <\/strong>nya tv-kanal 100 procent, <a href=\"https:\/\/www.expressen.se\/nyheter\/politik\/henrik-jonssons-hemliga-projekt-manga-miljoner\/\" rel=\"nofollow noopener\" target=\"_blank\">som lanserades i fredags<\/a>, beskrevs av h\u00f6gerinfluencern som en dyr h\u00e4mnd f\u00f6r att han fick ett par tuffa fr\u00e5gor av <strong>Anders Holmberg <\/strong>i \u201d30 minuter\u201d.\u00a0<\/p>\n<p>Men det sverigedemokratiska cancelleringsf\u00f6rs\u00f6ket \u00e4r mer intressant \u00e4nd\u00e5. En g\u00e5ng fl\u00f6g partiet fram genom folkmassorna f\u00f6r att man br\u00f6t med v\u00e4nsterliberala tabun och normer, men sedan man blev Sveriges m\u00e4ktigaste parti \u00e4r man p\u00e5 god v\u00e4g att uppr\u00e4tta sina egna, ett slags bl\u00e5gul hederskodex \u2013 n\u00e4r partister rusar upp p\u00e5 scen f\u00f6r att mjuta en misshaglig komiker beter man sig precis som de mediala moralister som skapade skitstormar om sk\u00e4mt p\u00e5 2010-talet.\u00a0<\/p>\n<p>Makten beter sig s\u00e5.<\/p>\n<p>S\u00e4rskilt makten som \u00e4r os\u00e4ker p\u00e5 sig sj\u00e4lv.<\/p>\n<p>Victor Malm \u00e4r kulturchef p\u00e5 Expressen.<\/p>\n","protected":false},"excerpt":{"rendered":"Victor Malm Publicerad 24 nov 2025 kl 11.48Uppdaterad kl 14.56 En komiker v\u00e4ckte starka reaktioner p\u00e5 SD:s landsdagar.&hellip;\n","protected":false},"author":2,"featured_media":88581,"comment_status":"","ping_status":"","sticky":false,"template":"","format":"standard","meta":{"footnotes":""},"categories":[5],"tags":[22,23,26,27,17,21,24,25,28,29,15,16,2172,4608,944,18,34,1676,31,33,32,30,19,20],"class_list":{"0":"post-88580","1":"post","2":"type-post","3":"status-publish","4":"format-standard","5":"has-post-thumbnail","7":"category-rubriker","8":"tag-breaking-news","9":"tag-breakingnews","10":"tag-featured-news","11":"tag-featurednews","12":"tag-headlines","13":"tag-huvudnyheter","14":"tag-latest-news","15":"tag-latestnews","16":"tag-main-news","17":"tag-mainnews","18":"tag-news","19":"tag-nyheter","20":"tag-organization-x","21":"tag-person-anders-holmberg","22":"tag-person-jimmie-akesson","23":"tag-rubriker","24":"tag-se","25":"tag-sections-victormalm","26":"tag-svenska","27":"tag-sverige","28":"tag-sweden","29":"tag-swedish","30":"tag-top-stories","31":"tag-topstories"},"share_on_mastodon":{"url":"https:\/\/pubeurope.com\/@se\/115605170021865162","error":""},"_links":{"self":[{"href":"https:\/\/www.europesays.com\/se\/wp-json\/wp\/v2\/posts\/88580","targetHints":{"allow":["GET"]}}],"collection":[{"href":"https:\/\/www.europesays.com\/se\/wp-json\/wp\/v2\/posts"}],"about":[{"href":"https:\/\/www.europesays.com\/se\/wp-json\/wp\/v2\/types\/post"}],"author":[{"embeddable":true,"href":"https:\/\/www.europesays.com\/se\/wp-json\/wp\/v2\/users\/2"}],"replies":[{"embeddable":true,"href":"https:\/\/www.europesays.com\/se\/wp-json\/wp\/v2\/comments?post=88580"}],"version-history":[{"count":0,"href":"https:\/\/www.europesays.com\/se\/wp-json\/wp\/v2\/posts\/88580\/revisions"}],"wp:featuredmedia":[{"embeddable":true,"href":"https:\/\/www.europesays.com\/se\/wp-json\/wp\/v2\/media\/88581"}],"wp:attachment":[{"href":"https:\/\/www.europesays.com\/se\/wp-json\/wp\/v2\/media?parent=88580"}],"wp:term":[{"taxonomy":"category","embeddable":true,"href":"https:\/\/www.europesays.com\/se\/wp-json\/wp\/v2\/categories?post=88580"},{"taxonomy":"post_tag","embeddable":true,"href":"https:\/\/www.europesays.com\/se\/wp-json\/wp\/v2\/tags?post=88580"}],"curies":[{"name":"wp","href":"https:\/\/api.w.org\/{rel}","templated":true}]}}