{"id":88582,"date":"2025-11-24T14:35:16","date_gmt":"2025-11-24T14:35:16","guid":{"rendered":"https:\/\/www.europesays.com\/se\/88582\/"},"modified":"2025-11-24T14:35:16","modified_gmt":"2025-11-24T14:35:16","slug":"lars-frolander-och-ida-kjos-saljer-dromhuset-efter-skilsmassan-simning","status":"publish","type":"post","link":"https:\/\/www.europesays.com\/se\/88582\/","title":{"rendered":"Lars Fr\u00f6lander och Ida Kjos s\u00e4ljer dr\u00f6mhuset efter skilsm\u00e4ssan | Simning"},"content":{"rendered":"<p>Publicerad 24 nov 2025 kl 09.01Uppdaterad kl 11.18<\/p>\n<p>Lars Fr\u00f6lander och Ida Kjos skapade sin alldeles egna oas i Upplands-Bro.<\/p>\n<p>Efter skilsm\u00e4ssan har de tagit det k\u00e4nslosamma beslutet att s\u00e4lja lyxk\u00e5ken.<\/p>\n<p>\u201dDet har inte varit l\u00e4tt\u201d, skriver de p\u00e5 Instagram.<\/p>\n<p><img   alt=\"\"\/><\/p>\n<p>Ida Kjos och Lars Fr\u00f6lander p\u00e5 Idrottsgalan i januari 2025.<\/p>\n<p>Foto: Anders Wiklund\/TT \/ TT NYHETSBYR\u00c5N<\/p>\n<p>\u00d6ppna bild i helsk\u00e4rm<img loading=\"lazy\"   alt=\"\"\/><\/p>\n<p>Nu s\u00e4ljs exparets hus i Upplands-Bro.<\/p>\n<p>Foto: Andreas L\u00f6fstrand \/ Skandiam\u00e4klarna<\/p>\n<p>\u00d6ppna bild i helsk\u00e4rm<img loading=\"lazy\"   alt=\"\"\/><\/p>\n<p>Det arkitektritade huset ligger ute till f\u00f6rs\u00e4ljning f\u00f6r 19,9 miljoner.<\/p>\n<p>Foto: Andreas L\u00f6fstrand \/ Skandiam\u00e4klarna<\/p>\n<p>\u00d6ppna bild i helsk\u00e4rm<img loading=\"lazy\"   alt=\"\"\/><\/p>\n<p>Uteplatsen med utsikt mot \u00d6rn\u00e4ssj\u00f6n.<\/p>\n<p>Foto: Andreas L\u00f6fstrand \/ Skandiam\u00e4klarna<\/p>\n<p>\u00d6ppna bild i helsk\u00e4rm<\/p>\n<p>Det var 2022 som den svenske simmaren <a href=\"https:\/\/www.expressen.se\/tagg\/person\/lars-frolander\/\" class=\"\" rel=\"nofollow noopener\" target=\"_blank\">Lars Fr\u00f6lander<\/a> och hans d\u00e5varande fru Ida Kjos byggde sitt dr\u00f6mhus \u2013 Villa Lykke.<\/p>\n<p>K\u00e5ken har panoramautsikt \u00f6ver b\u00e5de h\u00e4sthagar och den, enligt m\u00e4klarannonsen, \u201dglittrande \u00d6rn\u00e4ssj\u00f6n\u201d i Upplands-Bro.<\/p>\n<p>Men i oktober kom beskedet att paret g\u00e5r skilda v\u00e4gar efter 18 \u00e5r tillsammans.<\/p>\n<p>Och nu st\u00e5r det \u00e4ven klart att lyxbygget s\u00e4ljs.<\/p>\n<p>I ett inl\u00e4gg p\u00e5 Instagram ber\u00e4ttar det skilda paret om det k\u00e4nsliga beslutet.<\/p>\n<p>\u201dH\u00e4r har vi l\u00e4rt oss tystnad. Lugn. Att bara vara. Med h\u00e4sthagen som n\u00e4rmaste granne. D\u00e4r barnen matat h\u00e4starna med \u00e4pplen om h\u00f6sten och vi sprungit ner mot sj\u00f6n om sommaren. Det har inte varit ett l\u00e4tt beslut men nu \u00e4r det dags att l\u00e4mna det vidare\u201d, skriver de.<\/p>\n<p><img loading=\"lazy\"   alt=\"\"\/><\/p>\n<p>Enligt annonsen \u00e4r det ett hem \u201df\u00f6r finsmakaren\u201d.<\/p>\n<p>Foto: Andreas L\u00f6fstrand \/ Skandiam\u00e4klarna<\/p>\n<p>\u00d6ppna bild i helsk\u00e4rm<img loading=\"lazy\"   alt=\"\"\/> <\/p>\n<p>Foto: Andreas L\u00f6fstrand \/ Skandiam\u00e4klarna<\/p>\n<p>\u00d6ppna bild i helsk\u00e4rm<img loading=\"lazy\"   alt=\"\"\/> <\/p>\n<p>Foto: Andreas L\u00f6fstrand \/ Skandiam\u00e4klarna<\/p>\n<p>\u00d6ppna bild i helsk\u00e4rm<img loading=\"lazy\"   alt=\"\"\/> <\/p>\n<p>Foto: Andreas L\u00f6fstrand \/ Skandiam\u00e4klarna<\/p>\n<p>\u00d6ppna bild i helsk\u00e4rm<img loading=\"lazy\"   alt=\"\"\/> <\/p>\n<p>Foto: Andreas L\u00f6fstrand \/ Skandiam\u00e4klarna<\/p>\n<p>\u00d6ppna bild i helsk\u00e4rm<img loading=\"lazy\"   alt=\"\"\/> <\/p>\n<p>Foto: Andreas L\u00f6fstrand \/ Skandiam\u00e4klarna<\/p>\n<p>\u00d6ppna bild i helsk\u00e4rm<img loading=\"lazy\"   alt=\"\"\/> <\/p>\n<p>Foto: Andreas L\u00f6fstrand \/ Skandiam\u00e4klarna<\/p>\n<p>\u00d6ppna bild i helsk\u00e4rm<img loading=\"lazy\"   alt=\"\"\/> <\/p>\n<p>Foto: Andreas L\u00f6fstrand \/ Skandiam\u00e4klarna<\/p>\n<p>\u00d6ppna bild i helsk\u00e4rmS\u00e4ljs f\u00f6r n\u00e4stan 14 miljoner<\/p>\n<p>Huset \u00e4r ritat av arkitekten Leif Gulliksson och \u00e4r byggt med milj\u00f6medvetenhet i fokus.<\/p>\n<p>\u201dTill och med v\u00e4ggf\u00e4rgen \u00e4r s\u00e5 giftfri att den skulle g\u00e5 att \u00e4ta. Det s\u00e4ger egentligen allt om hur vi t\u00e4nkt kring varje val\u201d, skriver Fr\u00f6lander och Kjos.<\/p>\n<p>Utropspriset \u00e4r satt till 13,9 miljoner kronor. Boarean uppg\u00e5r till 250 kvadratmeter.<\/p>\n<p>Enligt annonsen \u00e4r det ett hem \u201df\u00f6r finsmakaren\u201d.<\/p>\n<p>Familjen hoppas att n\u00e4sta \u00e4gare ska njuta lika mycket av platsen som de sj\u00e4lva gjort.<\/p>\n<p>\u201dH\u00e4r hoppas vi att n\u00e4sta familj ska f\u00e5 finna ro, n\u00e4rvaro och ett hem som h\u00e5ller om en. I vad vi upplevt som en underbara plats p\u00e5 jorden\u201d, skriver de.<\/p>\n<p>Fr\u00f6lander och Kjos har tv\u00e5 barn tillsammans, \u00e5tta\u00e5riga dottern Lykke och fem\u00e5riga sonen Jack.<\/p>\n<p><a href=\"https:\/\/www.instagram.com\/p\/DRbbLFAjO65\/?img_index=1\" data-provider=\"instagram\" class=\"js-social-embed\" rel=\"nofollow noopener\" target=\"_blank\">https:\/\/www.instagram.com\/p\/DRbbLFAjO65\/?img_index=1<\/a><script async src=\"\/\/www.instagram.com\/embed.js\"><\/script><\/p>\n","protected":false},"excerpt":{"rendered":"Publicerad 24 nov 2025 kl 09.01Uppdaterad kl 11.18 Lars Fr\u00f6lander och Ida Kjos skapade sin alldeles egna oas&hellip;\n","protected":false},"author":2,"featured_media":88583,"comment_status":"","ping_status":"","sticky":false,"template":"","format":"standard","meta":{"footnotes":""},"categories":[68],"tags":[4170,34,2937,111,110,31,33,32,30],"class_list":{"0":"post-88582","1":"post","2":"type-post","3":"status-publish","4":"format-standard","5":"has-post-thumbnail","7":"category-sport","8":"tag-person-lars-frolander","9":"tag-se","10":"tag-sections-simning","11":"tag-sport","12":"tag-sports","13":"tag-svenska","14":"tag-sverige","15":"tag-sweden","16":"tag-swedish"},"share_on_mastodon":{"url":"https:\/\/pubeurope.com\/@se\/115605177948800868","error":""},"_links":{"self":[{"href":"https:\/\/www.europesays.com\/se\/wp-json\/wp\/v2\/posts\/88582","targetHints":{"allow":["GET"]}}],"collection":[{"href":"https:\/\/www.europesays.com\/se\/wp-json\/wp\/v2\/posts"}],"about":[{"href":"https:\/\/www.europesays.com\/se\/wp-json\/wp\/v2\/types\/post"}],"author":[{"embeddable":true,"href":"https:\/\/www.europesays.com\/se\/wp-json\/wp\/v2\/users\/2"}],"replies":[{"embeddable":true,"href":"https:\/\/www.europesays.com\/se\/wp-json\/wp\/v2\/comments?post=88582"}],"version-history":[{"count":0,"href":"https:\/\/www.europesays.com\/se\/wp-json\/wp\/v2\/posts\/88582\/revisions"}],"wp:featuredmedia":[{"embeddable":true,"href":"https:\/\/www.europesays.com\/se\/wp-json\/wp\/v2\/media\/88583"}],"wp:attachment":[{"href":"https:\/\/www.europesays.com\/se\/wp-json\/wp\/v2\/media?parent=88582"}],"wp:term":[{"taxonomy":"category","embeddable":true,"href":"https:\/\/www.europesays.com\/se\/wp-json\/wp\/v2\/categories?post=88582"},{"taxonomy":"post_tag","embeddable":true,"href":"https:\/\/www.europesays.com\/se\/wp-json\/wp\/v2\/tags?post=88582"}],"curies":[{"name":"wp","href":"https:\/\/api.w.org\/{rel}","templated":true}]}}