{"id":88584,"date":"2025-11-24T14:36:28","date_gmt":"2025-11-24T14:36:28","guid":{"rendered":"https:\/\/www.europesays.com\/se\/88584\/"},"modified":"2025-11-24T14:36:28","modified_gmt":"2025-11-24T14:36:28","slug":"billie-eilish-och-titanic-ikon-bildar-regiduo","status":"publish","type":"post","link":"https:\/\/www.europesays.com\/se\/88584\/","title":{"rendered":"Billie Eilish och Titanic-ikon bildar regiduo"},"content":{"rendered":"<p>Billie Eilish sl\u00e4pper en konsertfilm, regisserad av henne sj\u00e4lv och James Cameron. Det skriver artisten p\u00e5 Instagram.<\/p>\n<p>Filmen \u00e4r d\u00f6pt efter hennes senaste album och turn\u00e9 \u201dHit me hard and soft\u201d.<\/p>\n<p>\u201dAtt f\u00f6reviga detta, och ha James Cameron som medregiss\u00f6r, \u00e4r som att en dr\u00f6m blir verklighet. Jag kan inte v\u00e4nta tills ni f\u00e5r se den\u201d, skriver hon.<\/p>\n<p>Cameron st\u00e5r bakom tv\u00e5 av Hollywoods genom tiderna mest inkomstbringande filmer, Titanic och Avatar.<\/p>\n<p>Omni \u00e4r politiskt obundna och oberoende. Vi str\u00e4var efter att ge fler perspektiv p\u00e5 nyheterna. Har du fr\u00e5gor eller synpunkter kring v\u00e5r rapportering? <a href=\"https:\/\/omni.se\/billie-eilish-och-titanic-ikon-bildar-regiduo\/a\/mailto:redaktion@omni.se\" class=\"ArticleActions_contactLink__W2F1M\" rel=\"nofollow noopener\" target=\"_blank\">Kontakta redaktionen<\/a><\/p>\n","protected":false},"excerpt":{"rendered":"Billie Eilish sl\u00e4pper en konsertfilm, regisserad av henne sj\u00e4lv och James Cameron. Det skriver artisten p\u00e5 Instagram. Filmen&hellip;\n","protected":false},"author":2,"featured_media":88585,"comment_status":"","ping_status":"","sticky":false,"template":"","format":"standard","meta":{"footnotes":""},"categories":[67],"tags":[1071,104,168,9827,172,34,31,33,32,30,105],"class_list":{"0":"post-88584","1":"post","2":"type-post","3":"status-publish","4":"format-standard","5":"has-post-thumbnail","7":"category-underhallning","8":"tag-billie-eilish","9":"tag-entertainment","10":"tag-film-tv","11":"tag-james-cameron","12":"tag-musik","13":"tag-se","14":"tag-svenska","15":"tag-sverige","16":"tag-sweden","17":"tag-swedish","18":"tag-underhallning"},"share_on_mastodon":{"url":"https:\/\/pubeurope.com\/@se\/115605181836904351","error":""},"_links":{"self":[{"href":"https:\/\/www.europesays.com\/se\/wp-json\/wp\/v2\/posts\/88584","targetHints":{"allow":["GET"]}}],"collection":[{"href":"https:\/\/www.europesays.com\/se\/wp-json\/wp\/v2\/posts"}],"about":[{"href":"https:\/\/www.europesays.com\/se\/wp-json\/wp\/v2\/types\/post"}],"author":[{"embeddable":true,"href":"https:\/\/www.europesays.com\/se\/wp-json\/wp\/v2\/users\/2"}],"replies":[{"embeddable":true,"href":"https:\/\/www.europesays.com\/se\/wp-json\/wp\/v2\/comments?post=88584"}],"version-history":[{"count":0,"href":"https:\/\/www.europesays.com\/se\/wp-json\/wp\/v2\/posts\/88584\/revisions"}],"wp:featuredmedia":[{"embeddable":true,"href":"https:\/\/www.europesays.com\/se\/wp-json\/wp\/v2\/media\/88585"}],"wp:attachment":[{"href":"https:\/\/www.europesays.com\/se\/wp-json\/wp\/v2\/media?parent=88584"}],"wp:term":[{"taxonomy":"category","embeddable":true,"href":"https:\/\/www.europesays.com\/se\/wp-json\/wp\/v2\/categories?post=88584"},{"taxonomy":"post_tag","embeddable":true,"href":"https:\/\/www.europesays.com\/se\/wp-json\/wp\/v2\/tags?post=88584"}],"curies":[{"name":"wp","href":"https:\/\/api.w.org\/{rel}","templated":true}]}}