{"id":88590,"date":"2025-11-24T14:40:12","date_gmt":"2025-11-24T14:40:12","guid":{"rendered":"https:\/\/www.europesays.com\/se\/88590\/"},"modified":"2025-11-24T14:40:12","modified_gmt":"2025-11-24T14:40:12","slug":"staden-nedringd-av-oroliga-vasterasare-vlt","status":"publish","type":"post","link":"https:\/\/www.europesays.com\/se\/88590\/","title":{"rendered":"Staden nedringd av oroliga v\u00e4ster\u00e5sare &#8211; VLT"},"content":{"rendered":"<ol>\n<li><a href=\"https:\/\/news.google.com\/rss\/articles\/CBMieEFVX3lxTFA3YlBDREg1eE1rV3luay1oQmlobGFrM0NZQlVfenRjNHZoYjExYnFsbmhCMjZTU2N3cmlFUlVoc2cxZFc1MkRsWjBFc2VNQVU4N0VydW5MS1dRSnYxS3NtZEF6dEtfYmdESFZYanJWVDFPc1U4VGlfcg?oc=5\" target=\"_blank\" rel=\"nofollow noopener\">Staden nedringd av oroliga v\u00e4ster\u00e5sare<\/a>&nbsp;&nbsp;VLT<\/li>\n<li><a href=\"https:\/\/news.google.com\/rss\/articles\/CBMiigFBVV95cUxNa0JWMjBfX2NBU25zVGloSHllN1hwd1J0anEyM2RYWnNfMjNObUNYaXZPaGZiYVpYVnJEX2lBSzZTa3pLWHdNaEpxbm9qU0tzZFRBcHg2Smh0LWh5UUs0YnM4VmYzRzQwX0pqYmlzVjgteEdHQ3ZtblVvM25QQW5JVTZzZXVvU1M1aGc?oc=5\" target=\"_blank\" rel=\"nofollow noopener\">Nya bygglovsregler: \u201dKan bli kostsamt\u201d<\/a>&nbsp;&nbsp;Kristianstadsbladet<\/li>\n<li><a href=\"https:\/\/news.google.com\/rss\/articles\/CBMinAFBVV95cUxNaW5HYnp4RF9Qc3d4djRBaUlEanNTRjY1ZmpiamNlZ0JzR0dLcGlmdDM3c2FRamJ0Wk1jMWxzZUk1NTVqNHhXOHdmYmhRci1WTkdVN2s4TTdEUFFNS09HT1l4bG92SGtDOWk4WndVRmQtamJkdVA2YXY2ZXhUZU9rdmZNLUlIVV9MY2NGS0N6N0JZWjk5dkllZEZwaV8?oc=5\" target=\"_blank\" rel=\"nofollow noopener\">Nya byggregler i Ystad: Detta m\u00e5ste du t\u00e4nka p\u00e5<\/a>&nbsp;&nbsp;Ystads Allehanda<\/li>\n<li><a href=\"https:\/\/news.google.com\/rss\/articles\/CBMigwFBVV95cUxPUDJmdlpZQ1RpTFJONkUtdTBEZVlQZGxlSHJUSHlJanJjcWV2QlpYWmdpTFFkc3RiNVE5T1V5TlhTb2hDR3dlUlcwbnJqYllab3BXc09CNVlBZENxQzVQUTBaZC1pdGRQLVY4RHF1Nmw4Sm1seTBwbVIyVVZsWDQ4T3RVTQ?oc=5\" target=\"_blank\" rel=\"nofollow noopener\">M\u00f6jligheter och f\u00e4llor med de nya friare byggreglerna<\/a>&nbsp;&nbsp;Byggahus.se<\/li>\n<li><a href=\"https:\/\/news.google.com\/rss\/articles\/CBMiwgFBVV95cUxPQlI1WVdUMzZFUnUtcUZJNUFWYTlfWkl5bEpkdlRKTHN4YVUzajZqTkpCTUVSd1ZmbFVUSWFRVzZ3UUVOUnU5UVdZRzZ1aWNBNWluWnVvYS1WT2o0TTVaUi1TbUx4SkdmZk8waG1VWFpoYUVONi1WZWVsQTNzcjlFNDc3cTlsdWlZNUNLdkNxdEdBTVM3UlRkTnA2X0x0dDRPNVk0TWtLSjdDQ0NPOHRvVk43cjkzUjY5WnlWcGFvVDY4Zw?oc=5\" target=\"_blank\" rel=\"nofollow noopener\">Nya regler f\u00f6r bygglov b\u00f6rjar g\u00e4lla 1 december 2025<\/a>&nbsp;&nbsp;S\u00f6derhamns kommun<\/li>\n<\/ol>\n","protected":false},"excerpt":{"rendered":"Staden nedringd av oroliga v\u00e4ster\u00e5sare&nbsp;&nbsp;VLT Nya bygglovsregler: \u201dKan bli kostsamt\u201d&nbsp;&nbsp;Kristianstadsbladet Nya byggregler i Ystad: Detta m\u00e5ste du t\u00e4nka&hellip;\n","protected":false},"author":2,"featured_media":88591,"comment_status":"","ping_status":"","sticky":false,"template":"","format":"standard","meta":{"footnotes":""},"categories":[12],"tags":[22,23,26,27,17,21,24,25,28,29,15,16,18,34,31,33,32,30,19,20],"class_list":{"0":"post-88590","1":"post","2":"type-post","3":"status-publish","4":"format-standard","5":"has-post-thumbnail","7":"category-sverige","8":"tag-breaking-news","9":"tag-breakingnews","10":"tag-featured-news","11":"tag-featurednews","12":"tag-headlines","13":"tag-huvudnyheter","14":"tag-latest-news","15":"tag-latestnews","16":"tag-main-news","17":"tag-mainnews","18":"tag-news","19":"tag-nyheter","20":"tag-rubriker","21":"tag-se","22":"tag-svenska","23":"tag-sverige","24":"tag-sweden","25":"tag-swedish","26":"tag-top-stories","27":"tag-topstories"},"share_on_mastodon":{"url":"https:\/\/pubeurope.com\/@se\/115605197521205640","error":""},"_links":{"self":[{"href":"https:\/\/www.europesays.com\/se\/wp-json\/wp\/v2\/posts\/88590","targetHints":{"allow":["GET"]}}],"collection":[{"href":"https:\/\/www.europesays.com\/se\/wp-json\/wp\/v2\/posts"}],"about":[{"href":"https:\/\/www.europesays.com\/se\/wp-json\/wp\/v2\/types\/post"}],"author":[{"embeddable":true,"href":"https:\/\/www.europesays.com\/se\/wp-json\/wp\/v2\/users\/2"}],"replies":[{"embeddable":true,"href":"https:\/\/www.europesays.com\/se\/wp-json\/wp\/v2\/comments?post=88590"}],"version-history":[{"count":0,"href":"https:\/\/www.europesays.com\/se\/wp-json\/wp\/v2\/posts\/88590\/revisions"}],"wp:featuredmedia":[{"embeddable":true,"href":"https:\/\/www.europesays.com\/se\/wp-json\/wp\/v2\/media\/88591"}],"wp:attachment":[{"href":"https:\/\/www.europesays.com\/se\/wp-json\/wp\/v2\/media?parent=88590"}],"wp:term":[{"taxonomy":"category","embeddable":true,"href":"https:\/\/www.europesays.com\/se\/wp-json\/wp\/v2\/categories?post=88590"},{"taxonomy":"post_tag","embeddable":true,"href":"https:\/\/www.europesays.com\/se\/wp-json\/wp\/v2\/tags?post=88590"}],"curies":[{"name":"wp","href":"https:\/\/api.w.org\/{rel}","templated":true}]}}