{"id":88592,"date":"2025-11-24T14:41:12","date_gmt":"2025-11-24T14:41:12","guid":{"rendered":"https:\/\/www.europesays.com\/se\/88592\/"},"modified":"2025-11-24T14:41:12","modified_gmt":"2025-11-24T14:41:12","slug":"rostsedlar-forstordes-nu-blir-det-omval-i-vargarda-pastorat","status":"publish","type":"post","link":"https:\/\/www.europesays.com\/se\/88592\/","title":{"rendered":"R\u00f6stsedlar f\u00f6rst\u00f6rdes \u2013 nu blir det omval i V\u00e5rg\u00e5rda pastorat"},"content":{"rendered":"<p>Allt valmaterial som kommit in i V\u00e5rg\u00e5rda pastorat f\u00f6rst\u00f6rdes av misstag innan de kunde sammanr\u00e4knas efter kyrkovalet. Det ledde till att alla grupper och kandidater som st\u00e4llde upp f\u00f6r val till kyrkofullm\u00e4ktige i pastoratet fick noll r\u00f6ster i den slutgiltiga sammanr\u00e4kningen. <\/p>\n<p>Nu har valpr\u00f6vningsn\u00e4mnden beslutat om omval. <\/p>\n<p>De f\u00f6rsamlingar ber\u00f6rs<\/p>\n<p>Omvalet g\u00e4ller d\u00e4remot inte bara V\u00e5rg\u00e5rda pastorat. R\u00f6sterna fr\u00e5n pastoratet r\u00e4knas in i det slutgiltiga resultatet fr\u00e5n Kullings valkrets, och de uteblivna r\u00f6sterna kan d\u00e4rf\u00f6r ha p\u00e5verkat valresultatet i stiftsfullm\u00e4ktige. <\/p>\n<p>D\u00e4rf\u00f6r g\u00e5r nu hela valkretsen till omval. Det inneb\u00e4r att \u00e4ven f\u00f6rsamlingar i Alings\u00e5s pastorat, Bj\u00e4rke f\u00f6rsamling och Herrljungabygdens f\u00f6rsamling kommer att omfattas av ett omval till stiftsfullm\u00e4ktige. <\/p>\n<p>Det \u00e4r inte best\u00e4mt n\u00e4r omvalet kommer \u00e4ga rum.<\/p>\n","protected":false},"excerpt":{"rendered":"Allt valmaterial som kommit in i V\u00e5rg\u00e5rda pastorat f\u00f6rst\u00f6rdes av misstag innan de kunde sammanr\u00e4knas efter kyrkovalet. Det&hellip;\n","protected":false},"author":2,"featured_media":88593,"comment_status":"","ping_status":"","sticky":false,"template":"","format":"standard","meta":{"footnotes":""},"categories":[5],"tags":[22,23,26,27,17,21,24,25,28,29,15,16,18,34,31,33,32,30,19,20],"class_list":{"0":"post-88592","1":"post","2":"type-post","3":"status-publish","4":"format-standard","5":"has-post-thumbnail","7":"category-rubriker","8":"tag-breaking-news","9":"tag-breakingnews","10":"tag-featured-news","11":"tag-featurednews","12":"tag-headlines","13":"tag-huvudnyheter","14":"tag-latest-news","15":"tag-latestnews","16":"tag-main-news","17":"tag-mainnews","18":"tag-news","19":"tag-nyheter","20":"tag-rubriker","21":"tag-se","22":"tag-svenska","23":"tag-sverige","24":"tag-sweden","25":"tag-swedish","26":"tag-top-stories","27":"tag-topstories"},"share_on_mastodon":{"url":"https:\/\/pubeurope.com\/@se\/115605201423250476","error":""},"_links":{"self":[{"href":"https:\/\/www.europesays.com\/se\/wp-json\/wp\/v2\/posts\/88592","targetHints":{"allow":["GET"]}}],"collection":[{"href":"https:\/\/www.europesays.com\/se\/wp-json\/wp\/v2\/posts"}],"about":[{"href":"https:\/\/www.europesays.com\/se\/wp-json\/wp\/v2\/types\/post"}],"author":[{"embeddable":true,"href":"https:\/\/www.europesays.com\/se\/wp-json\/wp\/v2\/users\/2"}],"replies":[{"embeddable":true,"href":"https:\/\/www.europesays.com\/se\/wp-json\/wp\/v2\/comments?post=88592"}],"version-history":[{"count":0,"href":"https:\/\/www.europesays.com\/se\/wp-json\/wp\/v2\/posts\/88592\/revisions"}],"wp:featuredmedia":[{"embeddable":true,"href":"https:\/\/www.europesays.com\/se\/wp-json\/wp\/v2\/media\/88593"}],"wp:attachment":[{"href":"https:\/\/www.europesays.com\/se\/wp-json\/wp\/v2\/media?parent=88592"}],"wp:term":[{"taxonomy":"category","embeddable":true,"href":"https:\/\/www.europesays.com\/se\/wp-json\/wp\/v2\/categories?post=88592"},{"taxonomy":"post_tag","embeddable":true,"href":"https:\/\/www.europesays.com\/se\/wp-json\/wp\/v2\/tags?post=88592"}],"curies":[{"name":"wp","href":"https:\/\/api.w.org\/{rel}","templated":true}]}}