{"id":88613,"date":"2025-11-24T15:04:16","date_gmt":"2025-11-24T15:04:16","guid":{"rendered":"https:\/\/www.europesays.com\/se\/88613\/"},"modified":"2025-11-24T15:04:16","modified_gmt":"2025-11-24T15:04:16","slug":"chefer-sparkas-i-hemtjanstskandal-allvarligt","status":"publish","type":"post","link":"https:\/\/www.europesays.com\/se\/88613\/","title":{"rendered":"Chefer sparkas i hemtj\u00e4nstskandal \u2013 &#8221;Allvarligt&#8221;"},"content":{"rendered":"<p class=\"boxtextgrotesk-root_baa6 hyperion-css-7pajle\">Uppdaterad 10.29 | Publicerad 09.20<\/p>\n<p>share-arrowDela<\/p>\n<p>unsaveSpara<\/p>\n<p>expand-left<\/p>\n<p>helsk\u00e4rm<img decoding=\"async\" class=\"image-asset hyperion-css-u06ts1\" data-test-tag=\"image-asset\" src=\"https:\/\/www.europesays.com\/se\/wp-content\/uploads\/2025\/11\/6f7e721d-95e6-414a-bcd9-09e087ef248f\"  alt=\"Martin Pettersson (SD), kommunstyrelsens ordf\u00f6rande i Uddevalla kommun.\"  loading=\"eager\" fetchpriority=\"high\" style=\"aspect-ratio:1900 \/ 1267\"\/>Martin Pettersson (SD), kommunstyrelsens ordf\u00f6rande i Uddevalla kommun. Foto: Bj\u00f6rn Larsson Rosvall\/TT<\/p>\n<p class=\"hyperion-css-1shl3oz\" data-test-tag=\"lead-text\">Tv\u00e5 chefer inom Uddevalla kommun f\u00e5r g\u00e5 efter den uppm\u00e4rksammade skandalen i hemtj\u00e4nsten, d\u00e4r ett 20-tal anst\u00e4llda st\u00e4ngdes av i h\u00f6stas.<\/p>\n<p class=\"hyperion-css-1shl3oz\" data-test-tag=\"lead-text\">\u2013 Det \u00e4r oerh\u00f6rt allvarligt, s\u00e4ger kommunstyrelsens ordf\u00f6rande Martin Pettersson (SD).<\/p>\n<p class=\"hyperion-css-1v9qo5x\">Det var i b\u00f6rjan som september som hela den ordinarie arbetsgruppen f\u00f6r hemtj\u00e4nstens nattbemanning i Uddevalla, ett 20-tal personer, st\u00e4ngdes av. Enligt kommunens Lex Sarah-anm\u00e4lan handlade det bland annat om bes\u00f6k hos brukare som aldrig genomf\u00f6rts, h\u00e5rdh\u00e4nt personal som skr\u00e4mt brukare och medarbetare som sovit p\u00e5 jobbet.<\/p>\n<p class=\"hyperion-css-1v9qo5x\">En chef har nu sagts upp och ytterligare en har varslats om upps\u00e4gning. En tredje som inte l\u00e4ngre jobbar kvar f\u00e5r ocks\u00e5 kritik i den externa utredningen som nu \u00e4r klar.<\/p>\n<p class=\"hyperion-css-1v9qo5x\">\u2013 Granskningen visar att det finns allvarliga brister gentemot v\u00e5ra brukare d\u00e4r v\u00e5ra medarbetare har svikit. Men det finns ocks\u00e5 brister i arbetsklimatet i den h\u00e4r gruppen, d\u00e4r chefers underl\u00e5tenhet har till\u00e5tit det h\u00e4r att forts\u00e4tta, s\u00e4ger kommundirekt\u00f6ren Malin Krantz.<\/p>\n<p>Passivt ledarskap<\/p>\n<p class=\"hyperion-css-1v9qo5x\">Problemen inom hemtj\u00e4nsten har funnits just nattetid, enligt Malin Krantz. Redan 2020 visade en arbetsmilj\u00f6kartl\u00e4ggning p\u00e5 brister i gruppen, men inga \u00e5tg\u00e4rder vidtogs d\u00e5.<\/p>\n<p class=\"hyperion-css-1v9qo5x\">\u00c5ren som granskningen omfattar har pr\u00e4glats av ett passivt ledarskap \u2013 och chefer som till och med avf\u00e4rdat larmrapporterna, konstaterar hon.<\/p>\n<p class=\"hyperion-css-1v9qo5x\">\u2013 Agerandet har b\u00e5de p\u00e5 enhets- och avdelningsniv\u00e5 pr\u00e4glats av passivitet. Det g\u00f6r ont att veta att det redan 2020 fanns en arbetsmilj\u00f6kartl\u00e4ggning som visade p\u00e5 brister, s\u00e4ger hon.<\/p>\n<p class=\"hyperion-css-1v9qo5x\">\u2013 Varf\u00f6r gick man till exempel inte p\u00e5 djupet med varf\u00f6r det varit s\u00e5 stor oms\u00e4ttning p\u00e5 chefer i den h\u00e4r gruppen?<\/p>\n<p>\u201dOf\u00f6rl\u00e5tligt s\u00e4tt\u201d<\/p>\n<p class=\"hyperion-css-1v9qo5x\">Sedan tidigare har tre fastanst\u00e4llda medarbetare inom nattbemanningen avskedats och tre timanst\u00e4llda f\u00e5tt sina anst\u00e4llningar avslutade, medan fem personer har \u00e5terg\u00e5tt i tj\u00e4nst. Elva personer \u00e4r fortsatt avst\u00e4ngda.<\/p>\n<p class=\"hyperion-css-1v9qo5x\">Det har dock \u00e4ven brustit p\u00e5 chefsniv\u00e5, enligt rapporten.<\/p>\n<p class=\"hyperion-css-1v9qo5x\">\u2013 Det \u00e4r oerh\u00f6rt allvarligt, f\u00f6r kommunen \u00e4r ju den som ska s\u00f6rja f\u00f6r de h\u00e4r m\u00e4nniskornas v\u00e4l och ve. Och s\u00e5 konstaterar vi att det finns medarbetare som har betett sig p\u00e5 ett of\u00f6rl\u00e5tligt s\u00e4tt, s\u00e4ger Martin Pettersson (SD), kommunstyrelsens ordf\u00f6rande.<\/p>\n<p class=\"hyperion-css-1v9qo5x\">\u2013 Det finns inget utrymme f\u00f6r den typen av chefskap i v\u00e5r organisation.<\/p>\n","protected":false},"excerpt":{"rendered":"Uppdaterad 10.29 | Publicerad 09.20 share-arrowDela unsaveSpara expand-left helsk\u00e4rmMartin Pettersson (SD), kommunstyrelsens ordf\u00f6rande i Uddevalla kommun. Foto: Bj\u00f6rn&hellip;\n","protected":false},"author":2,"featured_media":88614,"comment_status":"","ping_status":"","sticky":false,"template":"","format":"standard","meta":{"footnotes":""},"categories":[12],"tags":[22,23,26,27,17,21,24,25,28,29,15,16,18,34,31,33,32,30,19,20],"class_list":{"0":"post-88613","1":"post","2":"type-post","3":"status-publish","4":"format-standard","5":"has-post-thumbnail","7":"category-sverige","8":"tag-breaking-news","9":"tag-breakingnews","10":"tag-featured-news","11":"tag-featurednews","12":"tag-headlines","13":"tag-huvudnyheter","14":"tag-latest-news","15":"tag-latestnews","16":"tag-main-news","17":"tag-mainnews","18":"tag-news","19":"tag-nyheter","20":"tag-rubriker","21":"tag-se","22":"tag-svenska","23":"tag-sverige","24":"tag-sweden","25":"tag-swedish","26":"tag-top-stories","27":"tag-topstories"},"share_on_mastodon":{"url":"https:\/\/pubeurope.com\/@se\/115605292128464317","error":""},"_links":{"self":[{"href":"https:\/\/www.europesays.com\/se\/wp-json\/wp\/v2\/posts\/88613","targetHints":{"allow":["GET"]}}],"collection":[{"href":"https:\/\/www.europesays.com\/se\/wp-json\/wp\/v2\/posts"}],"about":[{"href":"https:\/\/www.europesays.com\/se\/wp-json\/wp\/v2\/types\/post"}],"author":[{"embeddable":true,"href":"https:\/\/www.europesays.com\/se\/wp-json\/wp\/v2\/users\/2"}],"replies":[{"embeddable":true,"href":"https:\/\/www.europesays.com\/se\/wp-json\/wp\/v2\/comments?post=88613"}],"version-history":[{"count":0,"href":"https:\/\/www.europesays.com\/se\/wp-json\/wp\/v2\/posts\/88613\/revisions"}],"wp:featuredmedia":[{"embeddable":true,"href":"https:\/\/www.europesays.com\/se\/wp-json\/wp\/v2\/media\/88614"}],"wp:attachment":[{"href":"https:\/\/www.europesays.com\/se\/wp-json\/wp\/v2\/media?parent=88613"}],"wp:term":[{"taxonomy":"category","embeddable":true,"href":"https:\/\/www.europesays.com\/se\/wp-json\/wp\/v2\/categories?post=88613"},{"taxonomy":"post_tag","embeddable":true,"href":"https:\/\/www.europesays.com\/se\/wp-json\/wp\/v2\/tags?post=88613"}],"curies":[{"name":"wp","href":"https:\/\/api.w.org\/{rel}","templated":true}]}}