{"id":88615,"date":"2025-11-24T15:05:16","date_gmt":"2025-11-24T15:05:16","guid":{"rendered":"https:\/\/www.europesays.com\/se\/88615\/"},"modified":"2025-11-24T15:05:16","modified_gmt":"2025-11-24T15:05:16","slug":"frankrike-vill-salja-krigsfartyg-till-sverige","status":"publish","type":"post","link":"https:\/\/www.europesays.com\/se\/88615\/","title":{"rendered":"Frankrike vill s\u00e4lja krigsfartyg till Sverige"},"content":{"rendered":"<p>share-arrowDela<\/p>\n<p>unsaveSpara<\/p>\n<p>expand-left<\/p>\n<p>helsk\u00e4rm<img decoding=\"async\" class=\"image-asset hyperion-css-u06ts1\" data-test-tag=\"image-asset\" src=\"https:\/\/www.europesays.com\/se\/wp-content\/uploads\/2025\/11\/09b14fcf-e8cc-4a02-9204-67b0870f83c1\"  alt=\"F\u00f6rsvarsminister P\u00e5l Jonson (M) m\u00f6ter Frankrikes f\u00f6rsvarsminister Catherine Vautrin vid Karlbergs slott.\"  loading=\"eager\" fetchpriority=\"high\" style=\"aspect-ratio:1900 \/ 1267\"\/>F\u00f6rsvarsminister P\u00e5l Jonson (M) m\u00f6ter Frankrikes f\u00f6rsvarsminister Catherine Vautrin vid Karlbergs slott. Foto: Jessica Gow\/TT<\/p>\n<p class=\"hyperion-css-1shl3oz\" data-test-tag=\"lead-text\">Sverige vill s\u00e4lja spanings- och ledningsflygplan till Frankrike. Frankrike vill att Sverige k\u00f6per stora krigsfartyg. B\u00e5da fr\u00e5gorna diskuterades n\u00e4r l\u00e4ndernas f\u00f6rsvarsministrar tr\u00e4ffades i Stockholm.<\/p>\n<p class=\"hyperion-css-1v9qo5x\">Frankrikes f\u00f6rsvarsminister Catherine Vautrin tycker att Sverige ska v\u00e4lja Frankrike n\u00e4r Sverige f\u00f6r f\u00f6rsta g\u00e5ngen p\u00e5 \u00e5rtionden ska skaffa fyra fregatter, ett st\u00f6rre krigsfartyg \u00e4n de befintliga Visbykorvetterna.<\/p>\n<p class=\"hyperion-css-1v9qo5x\">\u2013 Vi har kapacitet att leverera en fregatt \u00e5r 2030, helt utrustad, inklusive luftv\u00e4rn. Och vi f\u00f6resl\u00e5r naturligtvis ett partnerskap med svensk industri, s\u00e4rskilt Saab, s\u00e4ger hon vid en presstr\u00e4ff p\u00e5 Karlbergs slott i Stockholm, d\u00e4r hon tr\u00e4ffade sin svenske motsvarighet P\u00e5l Jonson (M).<\/p>\n<p class=\"hyperion-css-1v9qo5x\">Det r\u00f6r sig om fartygen av s\u00e5 kallad Lule\u00e5klass, som fr\u00e5n b\u00f6rjan skulle byggas helt i Sverige, men d\u00e4r Sverige nu i st\u00e4llet \u00f6verv\u00e4ger att k\u00f6pa f\u00e4rdiga fr\u00e5n utlandet. Det franska alternativet skulle i s\u00e5 fall bygga p\u00e5 Amiral Ronarc&#8217;h \u2013 122 meter l\u00e5ng och antagligen till en kostnad p\u00e5 \u00f6ver 10 miljarder kronor per fartyg.<\/p>\n<p class=\"hyperion-css-1v9qo5x\">Under m\u00f6tet diskuterades \u00e4ven franska uppk\u00f6psplaner av svenska signal- och ledningsflygplanet Globaleye. I juni skrevs en avsiktsf\u00f6rklaring under om tv\u00e5 flygplan, men n\u00e5got kontrakt \u00e4r \u00e4nnu inte p\u00e5 plats.<\/p>\n<p class=\"hyperion-css-1v9qo5x\">Vautrin s\u00e4ger att det handlar om mer \u00e4n ett k\u00f6p av materiel \u2013 att bygga en relation.<\/p>\n<p class=\"hyperion-css-1v9qo5x\">\u2013 Det \u00e4r i den andan vi r\u00f6r oss mot en anskaffning av ett system som Globaleye. S\u00e5 ni ser, vi \u00e4r inte bara kunder. Vi \u00e4r partners \u2013 precis som vi hoppas att Sverige kan bli g\u00e4llande till exempel fregatter, s\u00e4ger hon.<\/p>\n","protected":false},"excerpt":{"rendered":"share-arrowDela unsaveSpara expand-left helsk\u00e4rmF\u00f6rsvarsminister P\u00e5l Jonson (M) m\u00f6ter Frankrikes f\u00f6rsvarsminister Catherine Vautrin vid Karlbergs slott. Foto: Jessica Gow\/TT&hellip;\n","protected":false},"author":2,"featured_media":88616,"comment_status":"","ping_status":"","sticky":false,"template":"","format":"standard","meta":{"footnotes":""},"categories":[5],"tags":[22,23,26,27,17,21,24,25,28,29,15,16,18,34,31,33,32,30,19,20],"class_list":{"0":"post-88615","1":"post","2":"type-post","3":"status-publish","4":"format-standard","5":"has-post-thumbnail","7":"category-rubriker","8":"tag-breaking-news","9":"tag-breakingnews","10":"tag-featured-news","11":"tag-featurednews","12":"tag-headlines","13":"tag-huvudnyheter","14":"tag-latest-news","15":"tag-latestnews","16":"tag-main-news","17":"tag-mainnews","18":"tag-news","19":"tag-nyheter","20":"tag-rubriker","21":"tag-se","22":"tag-svenska","23":"tag-sverige","24":"tag-sweden","25":"tag-swedish","26":"tag-top-stories","27":"tag-topstories"},"share_on_mastodon":{"url":"https:\/\/pubeurope.com\/@se\/115605295934961253","error":""},"_links":{"self":[{"href":"https:\/\/www.europesays.com\/se\/wp-json\/wp\/v2\/posts\/88615","targetHints":{"allow":["GET"]}}],"collection":[{"href":"https:\/\/www.europesays.com\/se\/wp-json\/wp\/v2\/posts"}],"about":[{"href":"https:\/\/www.europesays.com\/se\/wp-json\/wp\/v2\/types\/post"}],"author":[{"embeddable":true,"href":"https:\/\/www.europesays.com\/se\/wp-json\/wp\/v2\/users\/2"}],"replies":[{"embeddable":true,"href":"https:\/\/www.europesays.com\/se\/wp-json\/wp\/v2\/comments?post=88615"}],"version-history":[{"count":0,"href":"https:\/\/www.europesays.com\/se\/wp-json\/wp\/v2\/posts\/88615\/revisions"}],"wp:featuredmedia":[{"embeddable":true,"href":"https:\/\/www.europesays.com\/se\/wp-json\/wp\/v2\/media\/88616"}],"wp:attachment":[{"href":"https:\/\/www.europesays.com\/se\/wp-json\/wp\/v2\/media?parent=88615"}],"wp:term":[{"taxonomy":"category","embeddable":true,"href":"https:\/\/www.europesays.com\/se\/wp-json\/wp\/v2\/categories?post=88615"},{"taxonomy":"post_tag","embeddable":true,"href":"https:\/\/www.europesays.com\/se\/wp-json\/wp\/v2\/tags?post=88615"}],"curies":[{"name":"wp","href":"https:\/\/api.w.org\/{rel}","templated":true}]}}