{"id":88625,"date":"2025-11-24T15:15:09","date_gmt":"2025-11-24T15:15:09","guid":{"rendered":"https:\/\/www.europesays.com\/se\/88625\/"},"modified":"2025-11-24T15:15:09","modified_gmt":"2025-11-24T15:15:09","slug":"slutpris-for-svennis-herrgard-i-sunne-offentligt","status":"publish","type":"post","link":"https:\/\/www.europesays.com\/se\/88625\/","title":{"rendered":"Slutpris f\u00f6r Svennis herrg\u00e5rd i Sunne offentligt"},"content":{"rendered":"<p>Publicerad 24 nov 2025 kl 14.29Uppdaterad kl 16.09<\/p>\n<p>Det gick tr\u00f6gt till en b\u00f6rjan.\u00a0<\/p>\n<p>Men tidigare i h\u00f6stas s\u00e5ldes Sven-G\u00f6ran Erikssons herrg\u00e5rd i Sunne.\u00a0<\/p>\n<p>Och nu st\u00e5r det klart hur mycket k\u00f6paren, en 33-\u00e5rig kvinna, fick betala.\u00a0<\/p>\n<p><img loading=\"lazy\"   alt=\"\"\/><\/p>\n<p>Sven-G\u00f6ran Erikssons herrg\u00e5rd utanf\u00f6r Sunne.<\/p>\n<p>Foto: ANNA-KARIN NILSSON<\/p>\n<p>\u00d6ppna bild i helsk\u00e4rm<img loading=\"lazy\"   alt=\"\"\/><\/p>\n<p>Sven-G\u00f6ran Eriksson gick bort i augusti 2024.<\/p>\n<p>Foto: ANNA-KARIN NILSSON<\/p>\n<p>\u00d6ppna bild i helsk\u00e4rmArtikeln i korthet<\/p>\n<p>Sven-G\u00f6ran Erikssons herrg\u00e5rd i Sunne var sv\u00e5rs\u00e5ld. Men efter drygt \u00e5tta m\u00e5nader s\u00e5ldes den i september. Nu kan Expressen ber\u00e4tta vad k\u00f6paren fick betala.\u00a0<\/p>\n<p>Visa mer<\/p>\n<p>Tr\u00e4narlegendaren <a href=\"https:\/\/www.expressen.se\/tagg\/person\/sven-goran-eriksson\/\" class=\"\" rel=\"nofollow noopener\" target=\"_blank\">Sven-G\u00f6ran Eriksson<\/a> gick bort i augusti f\u00f6rra \u00e5ret efter att ha varit sjuk i cancer.\u00a0<\/p>\n<p>I januari i \u00e5r lades hans herrg\u00e5rd norr om Sunne ut till f\u00f6rs\u00e4ljning f\u00f6r 25 miljoner kronor.<\/p>\n<p>Men buden uteblev, och i maj s\u00e4nktes priset med fem miljoner kronor. Det hj\u00e4lpte dock inte och efter sommaren s\u00e4nkte priset ytterligare, till 16,5 miljoner kronor.\u00a0<\/p>\n<p>N\u00e5got som visade sig vara ett lyckosamt drag.\u00a0<\/p>\n<p>I b\u00f6rjan av september var aff\u00e4ren klar. M\u00e4klaren Henrik Flinta ville d\u00e5 inte avsl\u00f6ja vem som k\u00f6pt herrg\u00e5rden och inte heller hur mycket man f\u00e5tt betala.\u00a0<\/p>\n<p>Nu \u00e4r dock k\u00f6peskillingen offentlig hos Booli. Sven-G\u00f6ran Erikssons herrg\u00e5rd Bj\u00f6rkefors s\u00e5ldes f\u00f6r 17,75 miljoner kronor.\u00a0<\/p>\n<p><img loading=\"lazy\"   alt=\"\"\/><\/p>\n<p>Sven-G\u00f6ran Eriksson utanf\u00f6r herrg\u00e5rden i Sunne.<\/p>\n<p>Foto: ANNA-KARIN NILSSON<\/p>\n<p>\u00d6ppna bild i helsk\u00e4rm<img loading=\"lazy\"   alt=\"\"\/><\/p>\n<p>Bara huvudbyggnaden p\u00e5 herrg\u00e5rden \u00e4r 900 kvadratmeter.<\/p>\n<p>Foto: ANNA-KARIN NILSSON<\/p>\n<p>\u00d6ppna bild i helsk\u00e4rm<img loading=\"lazy\"   alt=\"\"\/><\/p>\n<p>Sven-G\u00f6ran Eriksson blev 76 \u00e5r gammal.<\/p>\n<p>Foto: ANNA-KARIN NILSSON<\/p>\n<p>\u00d6ppna bild i helsk\u00e4rmK\u00f6pare: 33-\u00e5rig kvinna\u00a0<\/p>\n<p><a href=\"https:\/\/www.nwt.se\/2025\/10\/01\/hon-koper-svennis-herrgard-planerna-framat-stort-ansvar-9ce2c\/\" rel=\"nofollow noopener\" target=\"_blank\">NWT<\/a> har tidigare rapporterat om att k\u00f6paren \u00e4r en \u201d33-\u00e5rig kvinna som bor i en av Stockholms f\u00f6rorter\u201d och att hon har r\u00f6tter i Torsby.\u00a0<\/p>\n<p>\u2013 Min pappa var med och renoverade Bj\u00f6rkefors \u00e5t Svennis och jag var med d\u00e4r som liten, och tyckte s\u00e5 klart att det var fantastiskt. Men det var \u00e4nd\u00e5 l\u00e5ngt ifr\u00e5n en sj\u00e4lvklarhet att k\u00f6pa n\u00e4r det kom ut till f\u00f6rs\u00e4ljning. Det k\u00e4ndes som ett stort projekt och ett stort ansvar. Men m\u00f6jligheten att f\u00e5 f\u00f6rvalta en liten del av det v\u00e4rml\u00e4ndska kulturarvet, och samtidigt f\u00e5 njuta av den fantastiska milj\u00f6n vid Fryken, gick till slut inte att motst\u00e5, skrev kvinnan i ett mejlsvar till tidningen\u00a0<\/p>\n<p>F\u00f6r NWT ber\u00e4ttar den 33-\u00e5riga kvinnan att hon jobbar med e-handel och d\u00e4rf\u00f6r delvis kan jobba p\u00e5 distans, vilket \u00f6ppnar f\u00f6r henne att spendera tid p\u00e5 den nyk\u00f6pta herrg\u00e5rden i V\u00e4rmland. \u00a0<\/p>\n<p><img loading=\"lazy\"   alt=\"\"\/><\/p>\n<p>P\u00e5 herrg\u00e5rden finns en saltvattenpol.<\/p>\n<p>Foto: ANNA-KARIN NILSSON<\/p>\n<p>\u00d6ppna bild i helsk\u00e4rmSaltvattenpool och tennisbana<\/p>\n<p>Och det \u00e4r en rej\u00e4l pj\u00e4s som den 33-\u00e5riga kvinnan nu tar \u00f6ver efter Svennis. Ut\u00f6ver sj\u00e4lva huvudbyggnaden p\u00e5 900 kvadrat och 13 rum finns ytterligare ett bostadshus p\u00e5 tomten. Dessutom en sj\u00f6villa, tennisbana och ett poolhus med en stor saltvattenpool.<\/p>\n<p>Den parkliknande tomten p\u00e5 Bj\u00f6rkefors herrg\u00e5rd \u00e4r cirka 2,5 hektar stor.\u00a0<\/p>\n<p><img loading=\"lazy\"   alt=\"\"\/><\/p>\n<p>Sven-G\u00f6ran Eriksson fann ro p\u00e5 herrg\u00e5rden under sina sista \u00e5r i livet.<\/p>\n<p>Foto: ANNA-KARIN NILSSON<\/p>\n<p>\u00d6ppna bild i helsk\u00e4rmDog med stora skulder<\/p>\n<p>Svennis k\u00f6pte herrg\u00e5rden f\u00f6r 5,8 miljoner kronor 2002. Den l\u00e5g sedan ute till f\u00f6rs\u00e4ljning i flera olika omg\u00e5ngar under Svennis livstid. D\u00e5 till ett betydligt h\u00f6gre pris. 40 miljoner kronor ville Eriksson ha under 2010-talet, men det blev aldrig n\u00e5gon aff\u00e4r.\u00a0<\/p>\n<p>N\u00e4r bouppteckningen efter Svennis blev offentlig hos Skatteverket i januari framgick det att den framg\u00e5ngsrike fotbollstr\u00e4naren dog med stora skulder.\u00a0<\/p>\n<p>Sven-G\u00f6ran Eriksson hade tillg\u00e5ngar p\u00e5 66 miljoner kronor, men samtidigt skulder p\u00e5 118 miljoner kronor. Det gav en brist i d\u00f6dsboet p\u00e5 51 miljoner kronor.<\/p>\n<p>Den st\u00f6rsta enskilda tillg\u00e5ngen \u00e4r just herrg\u00e5rden, som i bouppteckningen \u00e4r v\u00e4rderad till 20 miljoner kronor.<\/p>\n<p><img alt=\"\"\/>Ljudklippet gick inte att spela upp<\/p>\n<p>F\u00f6rs\u00f6k igen senare<\/p>\n","protected":false},"excerpt":{"rendered":"Publicerad 24 nov 2025 kl 14.29Uppdaterad kl 16.09 Det gick tr\u00f6gt till en b\u00f6rjan.\u00a0 Men tidigare i h\u00f6stas&hellip;\n","protected":false},"author":2,"featured_media":88626,"comment_status":"","ping_status":"","sticky":false,"template":"","format":"standard","meta":{"footnotes":""},"categories":[68],"tags":[2527,34,129,111,110,31,33,32,30],"class_list":{"0":"post-88625","1":"post","2":"type-post","3":"status-publish","4":"format-standard","5":"has-post-thumbnail","7":"category-sport","8":"tag-person-sven-goran-eriksson","9":"tag-se","10":"tag-sections-fotboll","11":"tag-sport","12":"tag-sports","13":"tag-svenska","14":"tag-sverige","15":"tag-sweden","16":"tag-swedish"},"share_on_mastodon":{"url":"https:\/\/pubeurope.com\/@se\/115605335185504331","error":""},"_links":{"self":[{"href":"https:\/\/www.europesays.com\/se\/wp-json\/wp\/v2\/posts\/88625","targetHints":{"allow":["GET"]}}],"collection":[{"href":"https:\/\/www.europesays.com\/se\/wp-json\/wp\/v2\/posts"}],"about":[{"href":"https:\/\/www.europesays.com\/se\/wp-json\/wp\/v2\/types\/post"}],"author":[{"embeddable":true,"href":"https:\/\/www.europesays.com\/se\/wp-json\/wp\/v2\/users\/2"}],"replies":[{"embeddable":true,"href":"https:\/\/www.europesays.com\/se\/wp-json\/wp\/v2\/comments?post=88625"}],"version-history":[{"count":0,"href":"https:\/\/www.europesays.com\/se\/wp-json\/wp\/v2\/posts\/88625\/revisions"}],"wp:featuredmedia":[{"embeddable":true,"href":"https:\/\/www.europesays.com\/se\/wp-json\/wp\/v2\/media\/88626"}],"wp:attachment":[{"href":"https:\/\/www.europesays.com\/se\/wp-json\/wp\/v2\/media?parent=88625"}],"wp:term":[{"taxonomy":"category","embeddable":true,"href":"https:\/\/www.europesays.com\/se\/wp-json\/wp\/v2\/categories?post=88625"},{"taxonomy":"post_tag","embeddable":true,"href":"https:\/\/www.europesays.com\/se\/wp-json\/wp\/v2\/tags?post=88625"}],"curies":[{"name":"wp","href":"https:\/\/api.w.org\/{rel}","templated":true}]}}