{"id":88627,"date":"2025-11-24T15:17:14","date_gmt":"2025-11-24T15:17:14","guid":{"rendered":"https:\/\/www.europesays.com\/se\/88627\/"},"modified":"2025-11-24T15:17:14","modified_gmt":"2025-11-24T15:17:14","slug":"lacka-samsung-kan-utmana-gemini-med-en-forbattrad-version-av-bixby","status":"publish","type":"post","link":"https:\/\/www.europesays.com\/se\/88627\/","title":{"rendered":"L\u00e4cka: Samsung kan utmana Gemini med en f\u00f6rb\u00e4ttrad version av Bixby"},"content":{"rendered":"<p>Det verkar som att Googles AI-assistent Gemini kommer att f\u00e5 lite konkurrens p\u00e5 Samsungs mobiler. <a href=\"https:\/\/idg.digidip.net\/visit?url=https:\/\/www.androidauthority.com\/galaxy-s26-gemini-bixby-3618888\/&amp;currurl=https:\/\/www.m3.se\/article\/2984147\/lacka-samsung-kan-utmana-gemini-med-en-forbattrad-version-av-bixby.html&amp;ref=9-1-2984147-1-0-0-0-0\" target=\"_blank\" rel=\"nofollow noopener\" data-subtag=\"9-1-2984147-1-0-0-0-0\" data-domain-name=\"androidauthority\">Android Authority rapporterar<\/a> n\u00e4mligen att en ny l\u00e4cka h\u00e4vdar att Samsung har planer p\u00e5 att uppdatera sin gamla virtuella assistent Bixby med en AI-chattrobot.<\/p>\n<p><strong>L\u00e4s \u00e4ven:\u00a0<a href=\"https:\/\/www.m3.se\/article\/2760012\/samsung-one-ui-8-5.html\" rel=\"nofollow noopener\" target=\"_blank\">One UI 8.5 kommer f\u00e5 f\u00f6rb\u00e4ttrat st\u00f6ldskydd<\/a><\/strong><\/p>\n<p>Enligt l\u00e4ckan kommer den nya versionen av Bixby anv\u00e4nda sig av <a href=\"https:\/\/www.pcforalla.se\/article\/2591522\/perplexity-pro-ai.html\" rel=\"nofollow noopener\" target=\"_blank\">Perplexitys chattrobot<\/a>, p\u00e5 samma s\u00e4tt som <a href=\"https:\/\/www.macworld.se\/article\/2362419\/apple-intelligence.html\" rel=\"nofollow noopener\" target=\"_blank\">Apple Intelligence anv\u00e4nder sig av Chat GPT<\/a>. Bixby ska sj\u00e4lv kunna klara av enklare uppgifter som att st\u00e4lla in v\u00e4ckarklockan, medan Perplexity f\u00e5r ta sig an de sv\u00e5rare f\u00f6rfr\u00e5gningarna.<\/p>\n<p>Bixbys Perplexity-integration f\u00f6rv\u00e4ntas enligt l\u00e4ckan presenteras tillsammans med <a href=\"https:\/\/www.m3.se\/article\/2791364\/samsung-galaxy-s26.html\" rel=\"nofollow noopener\" target=\"_blank\">Galaxy S26-mobilerna<\/a> p\u00e5 ett Galaxy Unpacked-event i b\u00f6rjan av n\u00e4sta \u00e5r.<\/p>\n","protected":false},"excerpt":{"rendered":"Det verkar som att Googles AI-assistent Gemini kommer att f\u00e5 lite konkurrens p\u00e5 Samsungs mobiler. Android Authority rapporterar&hellip;\n","protected":false},"author":2,"featured_media":88628,"comment_status":"","ping_status":"","sticky":false,"template":"","format":"standard","meta":{"footnotes":""},"categories":[66],"tags":[80,78,79,34,31,33,32,30,81,84,83,82],"class_list":{"0":"post-88627","1":"post","2":"type-post","3":"status-publish","4":"format-standard","5":"has-post-thumbnail","7":"category-vetenskap-och-teknik","8":"tag-science","9":"tag-science-and-technology","10":"tag-scienceandtechnology","11":"tag-se","12":"tag-svenska","13":"tag-sverige","14":"tag-sweden","15":"tag-swedish","16":"tag-technology","17":"tag-teknik","18":"tag-vetenskap","19":"tag-vetenskapteknik"},"share_on_mastodon":{"url":"https:\/\/pubeurope.com\/@se\/115605343170638329","error":""},"_links":{"self":[{"href":"https:\/\/www.europesays.com\/se\/wp-json\/wp\/v2\/posts\/88627","targetHints":{"allow":["GET"]}}],"collection":[{"href":"https:\/\/www.europesays.com\/se\/wp-json\/wp\/v2\/posts"}],"about":[{"href":"https:\/\/www.europesays.com\/se\/wp-json\/wp\/v2\/types\/post"}],"author":[{"embeddable":true,"href":"https:\/\/www.europesays.com\/se\/wp-json\/wp\/v2\/users\/2"}],"replies":[{"embeddable":true,"href":"https:\/\/www.europesays.com\/se\/wp-json\/wp\/v2\/comments?post=88627"}],"version-history":[{"count":0,"href":"https:\/\/www.europesays.com\/se\/wp-json\/wp\/v2\/posts\/88627\/revisions"}],"wp:featuredmedia":[{"embeddable":true,"href":"https:\/\/www.europesays.com\/se\/wp-json\/wp\/v2\/media\/88628"}],"wp:attachment":[{"href":"https:\/\/www.europesays.com\/se\/wp-json\/wp\/v2\/media?parent=88627"}],"wp:term":[{"taxonomy":"category","embeddable":true,"href":"https:\/\/www.europesays.com\/se\/wp-json\/wp\/v2\/categories?post=88627"},{"taxonomy":"post_tag","embeddable":true,"href":"https:\/\/www.europesays.com\/se\/wp-json\/wp\/v2\/tags?post=88627"}],"curies":[{"name":"wp","href":"https:\/\/api.w.org\/{rel}","templated":true}]}}