{"id":88642,"date":"2025-11-24T15:29:29","date_gmt":"2025-11-24T15:29:29","guid":{"rendered":"https:\/\/www.europesays.com\/se\/88642\/"},"modified":"2025-11-24T15:29:29","modified_gmt":"2025-11-24T15:29:29","slug":"han-avbrot-viktor-klemmings-sd-show-angerfull","status":"publish","type":"post","link":"https:\/\/www.europesays.com\/se\/88642\/","title":{"rendered":"Han avbr\u00f6t Viktor Klemmings SD-show: \u201d\u00c5ngerfull\u201d"},"content":{"rendered":"<p>Bj\u00f6rn Tenland Nurhadi (till v\u00e4nster) avbr\u00f6t komikern Viktor Klemmings framtr\u00e4dande under SD:s landsdagar. Foto: Pressbild\/Region Blekinge\/Anders Wiklund\/TT\/Privat<\/p>\n<p>Under SD:s landsdagar i helgen blev komikern Viktor Klemmings show avbruten av personer som gick upp p\u00e5 scen. Nu kan Bulletin avsl\u00f6ja att mannen som tog Klemmings mikrofon fr\u00e5n honom var Bj\u00f6rn Tenland Nurhadi (SD), regionstyrelsens ordf\u00f6rande i Blekinge. \u2013 Han tycker inte han borde ha gjort p\u00e5 det viset, s\u00e4ger Fredrik Thomasson, ordf\u00f6rande f\u00f6r SD Blekinge, till Bulletin.<\/p>\n","protected":false},"excerpt":{"rendered":"Bj\u00f6rn Tenland Nurhadi (till v\u00e4nster) avbr\u00f6t komikern Viktor Klemmings framtr\u00e4dande under SD:s landsdagar. Foto: Pressbild\/Region Blekinge\/Anders Wiklund\/TT\/Privat Under&hellip;\n","protected":false},"author":2,"featured_media":88643,"comment_status":"","ping_status":"","sticky":false,"template":"","format":"standard","meta":{"footnotes":""},"categories":[5],"tags":[22,23,26,27,17,21,24,25,28,29,15,16,18,34,31,33,32,30,19,20],"class_list":{"0":"post-88642","1":"post","2":"type-post","3":"status-publish","4":"format-standard","5":"has-post-thumbnail","7":"category-rubriker","8":"tag-breaking-news","9":"tag-breakingnews","10":"tag-featured-news","11":"tag-featurednews","12":"tag-headlines","13":"tag-huvudnyheter","14":"tag-latest-news","15":"tag-latestnews","16":"tag-main-news","17":"tag-mainnews","18":"tag-news","19":"tag-nyheter","20":"tag-rubriker","21":"tag-se","22":"tag-svenska","23":"tag-sverige","24":"tag-sweden","25":"tag-swedish","26":"tag-top-stories","27":"tag-topstories"},"share_on_mastodon":{"url":"https:\/\/pubeurope.com\/@se\/115605390216663252","error":""},"_links":{"self":[{"href":"https:\/\/www.europesays.com\/se\/wp-json\/wp\/v2\/posts\/88642","targetHints":{"allow":["GET"]}}],"collection":[{"href":"https:\/\/www.europesays.com\/se\/wp-json\/wp\/v2\/posts"}],"about":[{"href":"https:\/\/www.europesays.com\/se\/wp-json\/wp\/v2\/types\/post"}],"author":[{"embeddable":true,"href":"https:\/\/www.europesays.com\/se\/wp-json\/wp\/v2\/users\/2"}],"replies":[{"embeddable":true,"href":"https:\/\/www.europesays.com\/se\/wp-json\/wp\/v2\/comments?post=88642"}],"version-history":[{"count":0,"href":"https:\/\/www.europesays.com\/se\/wp-json\/wp\/v2\/posts\/88642\/revisions"}],"wp:featuredmedia":[{"embeddable":true,"href":"https:\/\/www.europesays.com\/se\/wp-json\/wp\/v2\/media\/88643"}],"wp:attachment":[{"href":"https:\/\/www.europesays.com\/se\/wp-json\/wp\/v2\/media?parent=88642"}],"wp:term":[{"taxonomy":"category","embeddable":true,"href":"https:\/\/www.europesays.com\/se\/wp-json\/wp\/v2\/categories?post=88642"},{"taxonomy":"post_tag","embeddable":true,"href":"https:\/\/www.europesays.com\/se\/wp-json\/wp\/v2\/tags?post=88642"}],"curies":[{"name":"wp","href":"https:\/\/api.w.org\/{rel}","templated":true}]}}