{"id":88667,"date":"2025-11-24T15:56:08","date_gmt":"2025-11-24T15:56:08","guid":{"rendered":"https:\/\/www.europesays.com\/se\/88667\/"},"modified":"2025-11-24T15:56:08","modified_gmt":"2025-11-24T15:56:08","slug":"ac-om-sparkningen-av-jdt-basta-beviset-pa-hur-stor-makt-media-har-vm-kval-europa","status":"publish","type":"post","link":"https:\/\/www.europesays.com\/se\/88667\/","title":{"rendered":"&#8221;AC&#8221; om sparkningen av &#8221;JDT&#8221;: &#8221;B\u00e4sta beviset p\u00e5 hur stor makt media har&#8221; &#8211; VM-kval Europa"},"content":{"rendered":"<p>Jon Dahl Tomasson varade i drygt 18 m\u00e5nader som svensk f\u00f6rbundskapten, innan han sparkades efter en po\u00e4ng p\u00e5 de fyra inledande VM-kvalmatcherna.<\/p>\n<p>Malm\u00f6 FF:s Anders Christiansen hade Dahl Tomasson som tr\u00e4nare i MFF under 2020 och 2021. Christiansen tycker att hans danske landsman hade n\u00e5got intressant p\u00e5 g\u00e5ng i Bl\u00e5gult, innan sparkningen som f\u00f6ljde p\u00e5 0-1-f\u00f6rlusten mot Kosovo.<\/p>\n<p>&#8211; Jag har bara sett det lite utifr\u00e5n. Kollat p\u00e5 matcherna ocks\u00e5 s\u00e5 klart &#8211; d\u00e4r s\u00e5g man verkligen den makten som media har. Jag tror att det \u00e4r detsamma i Danmark, med &#8221;den tredje\u00a0statsmakten&#8221;. Det f\u00e5r man verkligen erk\u00e4nna, och det var det b\u00e4sta beviset p\u00e5 hur stor makt ni i media har, s\u00e4ger han och forts\u00e4tter:<\/p>\n<p>&#8211; Oavsett om han hade vunnit de tv\u00e5 matcherna (i november) s\u00e5 hade det blivit den negativiteten. Det var bara en fr\u00e5ga innan det blev officiellt, s\u00e5 det gjorde det enklare n\u00e4r man inte kunna vinna mot Kosovo p\u00e5 hemmaplan.<\/p>\n<p>&#8211; S\u00e5 det var tr\u00e5kigt, jag tycker att ni har gjort det j\u00e4ttebra. Ni har gjort n\u00e5got annorlunda &#8211; som inte var s\u00e5 konservativt &#8211; som jag tyckte var intressant att kolla p\u00e5. Och ni har f\u00e5tt en fantastisk f\u00f6rbundskapten nu, s\u00e5 man hoppas att han kan hj\u00e4lpa att f\u00e5 Sverige till ett VM &#8211; men inte p\u00e5 bekostnad av Danmark! Det \u00e4r klart att man vill ha med s\u00e5 m\u00e5nga nordiska lag med som m\u00f6jligt.<\/p>\n<p>Christiansen svarar p\u00e5 om det var media som fick bort Dahl Tomasson:<\/p>\n<p>&#8211; Nu ska jag akta mig lite i vad jag svarar. Men den externa pressen som var p\u00e5 honom i studios och i media &#8211; man f\u00f6rs\u00f6kte hela tiden hitta en negativ vinkel, och f\u00f6rs\u00f6kte g\u00e5 till spelare och fr\u00e5ga om vad de tyckte om allt. Det \u00e4r klart att prestationen &#8211; hade han vunnit matcherna s\u00e5 hade han inte f\u00e5tt sparken, s\u00e4ger &#8221;AC&#8221; och forts\u00e4tter:<\/p>\n<p>&#8211; Men det har hj\u00e4lpt till att f\u00e5 svenska folket mot honom ocks\u00e5, som det var efter Kosovo. Jag ska inte s\u00e4ga att det till hundra procent var medierna, men personligen tror jag att det var en extremt stor faktor, makten som ni besitter i media.<\/p>\n<p>Christiansen menar att det var oundvikligt att Sverige skulle p\u00e5verkas av att flera stj\u00e4rnspelare var skadade eller k\u00e4mpade med formen.<\/p>\n<p>&#8211; Det \u00e4r ocks\u00e5 en stor del av f\u00f6rklaringen, att tajmingen var d\u00e5lig. Jag vet att n\u00e5gon i en studio tyckte att Sverige \u00e4r n\u00e4stan lika bra som Schweiz, men Schweiz var outsider till att vinna i sista slutrundan (i EM 2024) och har s\u00e5 m\u00e5nga matcher tillsammans, s\u00e4ger han och forts\u00e4tter: <\/p>\n<p>&#8211; Ett fantastiskt landslag, \u00e4ven Danmark har haft stora problem mot dem. Att man tror att det laget ni s\u00e5g i Nations League bara skulle k\u00f6ra \u00f6ver Schweiz &#8211; d\u00e5 tycker jag att det \u00e4r fel p\u00e5 analysen. Men man kanske ska bli inbjuden till Viaplays svenska studio och prata om det n\u00e4sta g\u00e5ng.<\/p>\n<p>Christiansen tror inte att Dahl Tomasson \u00e4r s\u00e5 sugen p\u00e5 att tala ut i varken dansk eller svensk media om avskedet.<\/p>\n<p>&#8211; Han bryr sig inte s\u00e5 mycket om vad andra tycker om honom. Han har inget behov av att st\u00e5 i media och f\u00f6rklara, tror jag.<\/p>\n","protected":false},"excerpt":{"rendered":"Jon Dahl Tomasson varade i drygt 18 m\u00e5nader som svensk f\u00f6rbundskapten, innan han sparkades efter en po\u00e4ng p\u00e5&hellip;\n","protected":false},"author":2,"featured_media":88668,"comment_status":"","ping_status":"","sticky":false,"template":"","format":"standard","meta":{"footnotes":""},"categories":[68],"tags":[34,111,110,31,33,32,30],"class_list":{"0":"post-88667","1":"post","2":"type-post","3":"status-publish","4":"format-standard","5":"has-post-thumbnail","7":"category-sport","8":"tag-se","9":"tag-sport","10":"tag-sports","11":"tag-svenska","12":"tag-sverige","13":"tag-sweden","14":"tag-swedish"},"share_on_mastodon":{"url":"https:\/\/pubeurope.com\/@se\/115605496335573424","error":""},"_links":{"self":[{"href":"https:\/\/www.europesays.com\/se\/wp-json\/wp\/v2\/posts\/88667","targetHints":{"allow":["GET"]}}],"collection":[{"href":"https:\/\/www.europesays.com\/se\/wp-json\/wp\/v2\/posts"}],"about":[{"href":"https:\/\/www.europesays.com\/se\/wp-json\/wp\/v2\/types\/post"}],"author":[{"embeddable":true,"href":"https:\/\/www.europesays.com\/se\/wp-json\/wp\/v2\/users\/2"}],"replies":[{"embeddable":true,"href":"https:\/\/www.europesays.com\/se\/wp-json\/wp\/v2\/comments?post=88667"}],"version-history":[{"count":0,"href":"https:\/\/www.europesays.com\/se\/wp-json\/wp\/v2\/posts\/88667\/revisions"}],"wp:featuredmedia":[{"embeddable":true,"href":"https:\/\/www.europesays.com\/se\/wp-json\/wp\/v2\/media\/88668"}],"wp:attachment":[{"href":"https:\/\/www.europesays.com\/se\/wp-json\/wp\/v2\/media?parent=88667"}],"wp:term":[{"taxonomy":"category","embeddable":true,"href":"https:\/\/www.europesays.com\/se\/wp-json\/wp\/v2\/categories?post=88667"},{"taxonomy":"post_tag","embeddable":true,"href":"https:\/\/www.europesays.com\/se\/wp-json\/wp\/v2\/tags?post=88667"}],"curies":[{"name":"wp","href":"https:\/\/api.w.org\/{rel}","templated":true}]}}