{"id":88678,"date":"2025-11-24T16:10:10","date_gmt":"2025-11-24T16:10:10","guid":{"rendered":"https:\/\/www.europesays.com\/se\/88678\/"},"modified":"2025-11-24T16:10:10","modified_gmt":"2025-11-24T16:10:10","slug":"24-november-14-49-vallande-till-kroppsskada-borlange","status":"publish","type":"post","link":"https:\/\/www.europesays.com\/se\/88678\/","title":{"rendered":"24 november 14.49, V\u00e5llande till kroppsskada, Borl\u00e4nge"},"content":{"rendered":"<p class=\"preamble\">&#13;<br \/>\n            Det har uppr\u00e4ttats en anm\u00e4lan om v\u00e5llande till kroppsskada efter att en kvinna blivit biten av en hund.&#13;\n        <\/p>\n<p>Polisen larmas till en adress i Tj\u00e4rna \u00c4ngar d\u00e4r en kvinna i 45-\u00e5rs\u00e5ldern blivit biten av en hund. Kvinnan blir omh\u00e4ndertagen av ambulanspersonal och f\u00e5r f\u00f6lja med till sjukhus.<\/p>\n<p>En kvinna i 40-\u00e5rs\u00e5ldern blir misst\u00e4nkt f\u00f6r v\u00e5llande till kroppsskada samt f\u00f6r brott mot lag om tillsyn \u00f6ver katter och hundar.<\/p>\n<p>&#13;<br \/>\n            H\u00e4ndelsenotiserna ger kortfattad information om ett urval av de utryckningar som polisen g\u00f6r. Observera att det \u00e4r inledande uppgifter som ligger till grund f\u00f6r notiserna. Det betyder att uppgifterna kan komma att \u00e4ndras.&#13;\n        <\/p>\n","protected":false},"excerpt":{"rendered":"&#13; Det har uppr\u00e4ttats en anm\u00e4lan om v\u00e5llande till kroppsskada efter att en kvinna blivit biten av en&hellip;\n","protected":false},"author":2,"featured_media":54,"comment_status":"","ping_status":"","sticky":false,"template":"","format":"standard","meta":{"footnotes":""},"categories":[5],"tags":[22,23,26,27,17,21,24,25,28,29,15,16,18,34,31,33,32,30,19,20],"class_list":{"0":"post-88678","1":"post","2":"type-post","3":"status-publish","4":"format-standard","5":"has-post-thumbnail","7":"category-rubriker","8":"tag-breaking-news","9":"tag-breakingnews","10":"tag-featured-news","11":"tag-featurednews","12":"tag-headlines","13":"tag-huvudnyheter","14":"tag-latest-news","15":"tag-latestnews","16":"tag-main-news","17":"tag-mainnews","18":"tag-news","19":"tag-nyheter","20":"tag-rubriker","21":"tag-se","22":"tag-svenska","23":"tag-sverige","24":"tag-sweden","25":"tag-swedish","26":"tag-top-stories","27":"tag-topstories"},"share_on_mastodon":{"url":"https:\/\/pubeurope.com\/@se\/115605551402699964","error":""},"_links":{"self":[{"href":"https:\/\/www.europesays.com\/se\/wp-json\/wp\/v2\/posts\/88678","targetHints":{"allow":["GET"]}}],"collection":[{"href":"https:\/\/www.europesays.com\/se\/wp-json\/wp\/v2\/posts"}],"about":[{"href":"https:\/\/www.europesays.com\/se\/wp-json\/wp\/v2\/types\/post"}],"author":[{"embeddable":true,"href":"https:\/\/www.europesays.com\/se\/wp-json\/wp\/v2\/users\/2"}],"replies":[{"embeddable":true,"href":"https:\/\/www.europesays.com\/se\/wp-json\/wp\/v2\/comments?post=88678"}],"version-history":[{"count":0,"href":"https:\/\/www.europesays.com\/se\/wp-json\/wp\/v2\/posts\/88678\/revisions"}],"wp:featuredmedia":[{"embeddable":true,"href":"https:\/\/www.europesays.com\/se\/wp-json\/wp\/v2\/media\/54"}],"wp:attachment":[{"href":"https:\/\/www.europesays.com\/se\/wp-json\/wp\/v2\/media?parent=88678"}],"wp:term":[{"taxonomy":"category","embeddable":true,"href":"https:\/\/www.europesays.com\/se\/wp-json\/wp\/v2\/categories?post=88678"},{"taxonomy":"post_tag","embeddable":true,"href":"https:\/\/www.europesays.com\/se\/wp-json\/wp\/v2\/tags?post=88678"}],"curies":[{"name":"wp","href":"https:\/\/api.w.org\/{rel}","templated":true}]}}