{"id":88681,"date":"2025-11-24T16:17:40","date_gmt":"2025-11-24T16:17:40","guid":{"rendered":"https:\/\/www.europesays.com\/se\/88681\/"},"modified":"2025-11-24T16:17:40","modified_gmt":"2025-11-24T16:17:40","slug":"david-alcer-rsikerar-att-utvisas-efter-sin-klimataktivism","status":"publish","type":"post","link":"https:\/\/www.europesays.com\/se\/88681\/","title":{"rendered":"David Alcer rsikerar att utvisas \u2013 efter sin klimataktivism"},"content":{"rendered":"<p><a data-test-tag=\"internal-link\" href=\"https:\/\/www.aftonbladet.se\/av\/lisa-rostlund\" class=\"hyperion-css-13ns1rr\" rel=\"nofollow noopener\" target=\"\" aria-label=\"Se alla artiklar av Lisa R\u00f6stlund\"><img decoding=\"async\" class=\"image-asset hyperion-css-n6kkq1\" data-test-tag=\"image-asset\" src=\"https:\/\/www.europesays.com\/se\/wp-content\/uploads\/2025\/11\/1764001058_110_68c6143e-9a14-480e-95fa-b7e05c9cb5b3\"  alt=\"\"  loading=\"lazy\" fetchpriority=\"auto\" style=\"aspect-ratio:1900 \/ 1900\"\/><\/a><\/p>\n<p class=\"boxtextgrotesk-root_baa6 hyperion-css-7pajle\">Uppdaterad 16.42 | Publicerad 2025-11-22 19.47<\/p>\n<p>share-arrowDela<\/p>\n<p>unsaveSpara<\/p>\n<p>expand-left<\/p>\n<p>helsk\u00e4rm<img decoding=\"async\" class=\"image-asset hyperion-css-u06ts1\" data-test-tag=\"image-asset\" src=\"https:\/\/www.europesays.com\/se\/wp-content\/uploads\/2025\/11\/a680b55e-41e4-40ba-9e5a-7e0fa0a7e7ab\"  alt=\"David Alcer\"  loading=\"eager\" fetchpriority=\"high\" style=\"aspect-ratio:1900 \/ 1267\"\/>David Alcer Foto: Krister Hansson<\/p>\n<p class=\"hyperion-css-1shl3oz\" data-test-tag=\"lead-text\">Forskaren David Alcer frihetsber\u00f6vades av polisen \u2013 eftersom han \u00e4ven \u00e4r klimataktivist.<\/p>\n<p class=\"hyperion-css-1shl3oz\" data-test-tag=\"lead-text\">Nu har polisen skickat en uppmaning till Migrationsverket:<\/p>\n<p class=\"hyperion-css-1shl3oz\" data-test-tag=\"lead-text\">\u201dRekommendationen \u00e4r att han utvisas ur Sverige\u201d.<\/p>\n<p class=\"hyperion-css-1shl3oz\" data-test-tag=\"lead-text\">\u2013\u00a0Helt absurt, s\u00e4ger David till Aftonbladet.<\/p>\n<p class=\"hyperion-css-1v9qo5x\">Han har sv\u00e5rt att finna ord.<\/p>\n<p class=\"hyperion-css-1v9qo5x\">David Alcer jobbar som forskare vid <a data-test-tag=\"internal-link\" href=\"https:\/\/www.aftonbladet.se\/tagg\/lund\" class=\"hyperion-css-15jkft9\" rel=\"nofollow noopener\" target=\"\" aria-label=\"Lunds\">Lunds<\/a> universitet och bor i Lund sedan snart sju \u00e5r tillbaka. Han \u00e4r ocks\u00e5 engagerad f\u00f6r att v\u00e4cka uppm\u00e4rksamhet om klimatkrisen, som h\u00e5ller p\u00e5 att f\u00f6ra jorden ut ur det som kallas \u201dlivets korridor\u201d \u2013 det temperaturspann som enligt klimatforskare s\u00e4kert kan uppr\u00e4tth\u00e5lla m\u00e4nsklig civilisation.<\/p>\n<p>Gick upp till Loreen<\/p>\n<p class=\"hyperion-css-1v9qo5x\">D\u00e4rf\u00f6r har David Alcer deltagit i en rad fredliga aktioner med civil olydnad \u2013 han har g\u00e5tt upp p\u00e5 scen under artisten Loreens Melodifestival-upptr\u00e4dande, han har suttit mitt i gatan, han har f\u00f6rs\u00f6kt stoppa torvbrytning.<\/p>\n<p class=\"hyperion-css-1v9qo5x\">I slutet av oktober <a data-test-tag=\"internal-link\" href=\"https:\/\/www.aftonbladet.se\/nyheter\/a\/B05jb9\/storde-loreen-nu-kan-forskaren-david-alcer-bli-utvisad\" class=\"hyperion-css-15jkft9\" rel=\"nofollow noopener\" target=\"\" aria-label=\"ber\u00e4ttade Aftonbladet\">ber\u00e4ttade Aftonbladet<\/a> om att David vid tv\u00e5 tillf\u00e4llen frihetsber\u00f6vats av gr\u00e4nspolisen, som hotat honom med utvisning \u2013 trots att David kommer fr\u00e5n Tyskland och d\u00e4rmed \u00e4r EU-medborgare.<\/p>\n<p>expand-left<\/p>\n<p>helsk\u00e4rm<img decoding=\"async\" class=\"image-asset hyperion-css-u06ts1\" data-test-tag=\"image-asset\" src=\"https:\/\/www.europesays.com\/se\/wp-content\/uploads\/2025\/11\/2a1f43b9-3a50-4e72-9350-4a90233b0ef4\"  alt=\"N\u00e4r Loreen upptr\u00e4dde p\u00e5 Melodifestivalen 2023 gick David Alcer upp p\u00e5 scen med en \u00c5terst\u00e4ll v\u00e5tmarker-banderoll.\"  loading=\"eager\" fetchpriority=\"high\" style=\"aspect-ratio:1900 \/ 1267\"\/>N\u00e4r Loreen upptr\u00e4dde p\u00e5 Melodifestivalen 2023 gick David Alcer upp p\u00e5 scen med en \u00c5terst\u00e4ll v\u00e5tmarker-banderoll. Foto: Jimmy Wixtr\u00f6m<\/p>\n<p class=\"hyperion-css-1v9qo5x\">David Alcer upplevde det som trakasserier och veckan efter skrev \u00f6ver 300 av hans kollegor fr\u00e5n universitetet under en <a data-test-tag=\"internal-link\" href=\"https:\/\/www.aftonbladet.se\/debatt\/a\/qPK1z0\/304-anstallda-pa-lunds-universitet-vi-star-bakom-var-kollega-stoppa-polisens-trakasserier\" class=\"hyperion-css-15jkft9\" rel=\"nofollow noopener\" target=\"\" aria-label=\"debattartikel\">debattartikel<\/a> i Aftonbladet. De skrev att civil olydnad \u00e4r en viktig och erk\u00e4nd del av demokratin som <a aria-label=\"lyfts av FN\" class=\"default hyperion-css-15jkft9\" href=\"https:\/\/unece.org\/climate-change\/press\/un-special-rapporteur-environmental-defenders-under-aarhus-convention-releases\" rel=\"noopener nofollow noreferrer\" data-test-tag=\"external-link\" target=\"_blank\">lyfts av FN<\/a> och som historiskt bidragit till avg\u00f6rande samh\u00e4llsf\u00f6r\u00e4ndringar som kvinnlig r\u00f6str\u00e4tt och lagstiftning mot rasdiskriminering. <\/p>\n<p>\u201dOacceptabelt\u201d<\/p>\n<p class=\"hyperion-css-1v9qo5x\">\u201dTrots det uppenbart demokratiska i civil olydnad och att David har uppeh\u00e5llsr\u00e4tt i Sverige som EU-medborgare och anst\u00e4lld vid <a data-test-tag=\"internal-link\" href=\"https:\/\/www.aftonbladet.se\/tagg\/lunds-universitet\" class=\"hyperion-css-15jkft9\" rel=\"nofollow noopener\" target=\"\" aria-label=\"Lunds universitet\">Lunds universitet<\/a> har han stoppats, f\u00f6rh\u00f6rts och l\u00e5sts in av svensk polis\u201d, skrev universitetskollegorna och fortsatte:<\/p>\n<p class=\"hyperion-css-1v9qo5x\">\u201dPolisen har dessutom p\u00e5 mycket vaga r\u00e4ttsliga grunder hotat honom med utvisning. Detta \u00e4r fullkomligt oacceptabelt!\u201d.<\/p>\n<p>expand-left<\/p>\n<p>helsk\u00e4rm<img decoding=\"async\" class=\"image-asset hyperion-css-u06ts1\" data-test-tag=\"image-asset\" src=\"https:\/\/www.europesays.com\/se\/wp-content\/uploads\/2025\/11\/34db4d49-199d-4460-86b6-99b3c7a62761\"  alt=\"David Alcer p\u00e5 sitt jobb vid Nano Lab, Lunds universitet.\"  loading=\"eager\" fetchpriority=\"high\" style=\"aspect-ratio:1900 \/ 1267\"\/>David Alcer p\u00e5 sitt jobb vid Nano Lab, Lunds universitet. Foto: Krister Hansson<\/p>\n<p class=\"hyperion-css-1v9qo5x\">Men nu, under onsdagen, kom ett brev till David Alcer fr\u00e5n Migrationsverket, som kr\u00e4vde att han skulle skicka in olika dokument om hans boende och arbete. Deadline f\u00f6r David att svara var \u2013samma dag.<\/p>\n<p class=\"hyperion-css-1v9qo5x\">\u2013\u00a0Det \u00f6verraskade mig, det verkar inte alls r\u00e4ttss\u00e4kert, s\u00e4ger David, som f\u00f6rs\u00f6kt n\u00e5 myndigheten f\u00f6r att f\u00e5 l\u00e4ngre svarstid.<\/p>\n<p>Uppmaningen: \u201dUtvisa\u201d<\/p>\n<p class=\"hyperion-css-1v9qo5x\">Men det som fick honom verkligt skakad var n\u00e5got annat.<\/p>\n<p class=\"hyperion-css-1v9qo5x\">Han fick veta att gr\u00e4nspolisen i region syd hade skickat ett beslutsunderlag till Migrationsverket \u2013 ett yttrande som Aftonbladet tagit del av. D\u00e4r uppmanar polisen myndigheten att utvisa honom.<\/p>\n<p>expand-left<\/p>\n<p>helsk\u00e4rm<img decoding=\"async\" class=\"image-asset hyperion-css-u06ts1\" data-test-tag=\"image-asset\" src=\"https:\/\/www.europesays.com\/se\/wp-content\/uploads\/2025\/11\/937ef312-ac84-4a41-9407-9530360fd3ad\"  alt=\"Migrationsverket gav David bara n\u00e5gra timmars tid att svara p\u00e5 fr\u00e5gor om hans r\u00e4tt att vistas i Sverige.\"  loading=\"eager\" fetchpriority=\"high\" style=\"aspect-ratio:1900 \/ 1267\"\/>Migrationsverket gav David bara n\u00e5gra timmars tid att svara p\u00e5 fr\u00e5gor om hans r\u00e4tt att vistas i Sverige. Foto: Bj\u00f6rn Lindahl <\/p>\n<p class=\"hyperion-css-1v9qo5x\">Gr\u00e4nspolisen konstaterar i yttrandet att David Alcers brottslighet \u201dbeg\u00e5s som en del f\u00f6r att v\u00e4cka uppm\u00e4rksamhet kring organisationen <a data-test-tag=\"internal-link\" href=\"https:\/\/www.aftonbladet.se\/tagg\/aterstall-vatmarker\" class=\"hyperion-css-15jkft9\" rel=\"nofollow noopener\" target=\"\" aria-label=\"\u00c5terst\u00e4ll v\u00e5tmarker\">\u00c5terst\u00e4ll v\u00e5tmarker<\/a>\u201d.  Gr\u00e4nspolisen anser att de f\u00f6r\u00e4ndringar som David k\u00e4mpar f\u00f6r \u201dendast kan ske medelst politiska beslut och bed\u00f6ms d\u00e4rf\u00f6r som ett hot mot den demokratiska grundordningen\u201d.<\/p>\n<p>\u201dDriver oss mot kollaps\u201d<\/p>\n<p class=\"hyperion-css-1v9qo5x\">\u2013\u00a0Det \u00e4r helt absurt, s\u00e4ger David Alcer och forts\u00e4tter:<\/p>\n<p class=\"hyperion-css-1v9qo5x\">\u2013 Det har varit omv\u00e4lvande \u2013 verkligen ett steg till. N\u00e4r jag sl\u00e4pptes ur f\u00f6rvaret s\u00e5 antog jag att gr\u00e4nspolisen \u00e5ngrat sig och insett att det var \u00f6verdrivet att hota mig med utvisning. Men nu g\u00e5r de tv\u00e4rtom l\u00e4ngre. <\/p>\n<p class=\"hyperion-css-1v9qo5x\">\u2013 Jag har uppm\u00e4rksammat klimatkollapsen med fredlig civil olydnad. Det \u00e4r politikerna som driver oss mot samh\u00e4llskollaps genom att f\u00f6rst\u00f6ra sj\u00e4lva f\u00f6ruts\u00e4ttningarna f\u00f6r v\u00e5r \u00f6verlevnad. Hela grejen att jag skulle vara ett hot mot den demokratiska grundordningen k\u00e4nns ju helt omv\u00e4nt \u2013 det \u00e4r ju genom att h\u00f6ja v\u00e5ra r\u00f6ster och protestera som vi f\u00e5r en levande demokrati.<\/p>\n<p>expand-left<\/p>\n<p>helsk\u00e4rm<img decoding=\"async\" class=\"image-asset hyperion-css-u06ts1\" data-test-tag=\"image-asset\" src=\"https:\/\/www.europesays.com\/se\/wp-content\/uploads\/2025\/11\/36304a13-7e7b-4851-8e20-b37a25b3a34f\"  alt=\"Advokat Linus Gardell.\"  loading=\"eager\" fetchpriority=\"high\" style=\"aspect-ratio:1900 \/ 2533\"\/>Advokat Linus Gardell. Foto: Lewis Langley &amp;\u00a0partners Advokatbyr\u00e5 <\/p>\n<p class=\"hyperion-css-1v9qo5x\">Advokat Linus Gardell har f\u00f6retr\u00e4tt flera klimataktivister i olika r\u00e4ttsfall och anv\u00e4nder spontant samma ord som David n\u00e4r han f\u00e5r h\u00f6ra om situationen: \u201dAbsurt\u201d.<\/p>\n<p class=\"hyperion-css-1v9qo5x\">\u2013 Han har som forskare deltagit i fredliga klimataktioner i syfte att uppm\u00e4rksamma en akut och viktig fr\u00e5ga. Det handlar om civil olydnad \u2013 inte terrorism. Att utvisa honom mot den bakgrunden \u00e4r en absurd och farlig tanke, s\u00e4ger Linus Gardell.<\/p>\n<p>\u201dInte bara riktat mot honom\u201d<\/p>\n<p class=\"hyperion-css-1v9qo5x\">Sverige har skrivit under \u00c5rhuskonventionen, understryker Gardell. Det inneb\u00e4r att vi \u00e5tagit oss att inte straffa fredliga milj\u00f6aktioner. <\/p>\n<p class=\"hyperion-css-1v9qo5x\">\u2013 Staten ska visa maximal restriktivitet f\u00f6r att inte avskr\u00e4cka demokratiskt deltagande. Hot om utvisning f\u00f6r en person med permanent uppeh\u00e5llsr\u00e4tt \u00e4r precis tv\u00e4rtom. Det \u00e4r ett hot som inte bara \u00e4r riktat mot honom utan mot yttrandefrihet i stort.<\/p>\n<p>expand-left<\/p>\n<p>helsk\u00e4rm<img decoding=\"async\" class=\"image-asset hyperion-css-u06ts1\" data-test-tag=\"image-asset\" src=\"https:\/\/www.europesays.com\/se\/wp-content\/uploads\/2025\/11\/bff342c6-d949-45db-957d-603c1f7045e1\"  alt=\"M\u00e4nniskor flyr en \u00f6versv\u00e4mning i Mozambique 2019. Enligt FN \u00e4r klimatkrisen en av de st\u00f6rsta orsakerna till nya flyktingstr\u00f6mmar.  Att allt st\u00f6rre del av jorden blir obeboelig \u00e4r det som David Alcer vill v\u00e4cka uppm\u00e4rksamhet kring.\"  loading=\"eager\" fetchpriority=\"high\" style=\"aspect-ratio:1900 \/ 1278\"\/>M\u00e4nniskor flyr en \u00f6versv\u00e4mning i Mozambique 2019. Enligt FN \u00e4r klimatkrisen en av de st\u00f6rsta orsakerna till nya flyktingstr\u00f6mmar.  Att allt st\u00f6rre del av jorden blir obeboelig \u00e4r det som David Alcer vill v\u00e4cka uppm\u00e4rksamhet kring. Foto: Tsvangirayi Mukwazhi\/AP<\/p>\n<p class=\"hyperion-css-1v9qo5x\">Tillbaka till David Alcer. <\/p>\n<p class=\"hyperion-css-1v9qo5x\">Under dagen har han ber\u00e4ttat f\u00f6r sina v\u00e4nner om vad som nu h\u00e4nger \u00f6ver honom.<\/p>\n<p class=\"hyperion-css-1v9qo5x\">\u2013\u00a0Alla jag pratade med var helt chockade. Att det g\u00e5tt s\u00e5 h\u00e4r l\u00e5ngt. Att gr\u00e4nspolisen p\u00e5st\u00e5r att min aktivism \u00e4r ett s\u00e5 stort hot att jag ska utvisas. Det \u00e4r ju politikernas agerande som hotar v\u00e5ra samh\u00e4llen och sj\u00e4lva grundpelarna till v\u00e5r \u00f6verlevnad.<\/p>\n<p class=\"hyperion-css-1v9qo5x\"><strong>Hur g\u00e5r tankarna nu?<\/strong><\/p>\n<p class=\"hyperion-css-1v9qo5x\">\u2013\u00a0N\u00e4r v\u00e5ra demokratiska r\u00e4ttigheter nedmonteras p\u00e5 det h\u00e4r viset kr\u00e4vs det att vi vanliga m\u00e4nniskor st\u00e5r upp och s\u00e4ger emot. Vi beh\u00f6ver bli m\u00e5nga som g\u00f6r motst\u00e5nd \u2013 d\u00e5 kan makthavarna inte kunna utvisa oss alla eller kasta oss alla i f\u00e4ngelse.<\/p>\n<p>expand-left<\/p>\n<p>helsk\u00e4rm<img decoding=\"async\" class=\"image-asset hyperion-css-u06ts1\" data-test-tag=\"image-asset\" src=\"https:\/\/www.europesays.com\/se\/wp-content\/uploads\/2025\/11\/630d924b-e3ee-4ab8-a13e-97c7a2a18309\"  alt=\"Jesper Tengroth, presschef vid Migrationsverket.\"  loading=\"eager\" fetchpriority=\"high\" style=\"aspect-ratio:1900 \/ 1267\"\/>Jesper Tengroth, presschef vid Migrationsverket. Foto: Jonas Holmqvist\/Migrationsverket<\/p>\n<p class=\"hyperion-css-1v9qo5x\">Migrationsverkets presschef Jesper Tengroth s\u00e4ger till Aftonbladet att brevet till Alcer skickades ut i b\u00f6rjan av november, men att han inte h\u00e4mtat ut det f\u00f6rr\u00e4n nu.<\/p>\n<p class=\"hyperion-css-1v9qo5x\">\u2013 Men beh\u00f6ver man dispens s\u00e5 f\u00e5r man det.<\/p>\n<p class=\"hyperion-css-1v9qo5x\">G\u00e4llande beslutet om eventuell utvisning s\u00e4ger Tengroth:<\/p>\n<p class=\"hyperion-css-1v9qo5x\">\u2013 Polisens underlag \u00e4r inte styrande, utan bara en pusselbit i v\u00e5rt beslutsunderlag.<\/p>\n<p>G\u00e5r oftast p\u00e5 polisens linje<\/p>\n<p class=\"hyperion-css-1v9qo5x\">I majoriteten av alla \u00e4renden har migrationsdomstolarna g\u00e5tt p\u00e5 polisens linje, uppger Polismyndigheten f\u00f6r Aftonbladet.<\/p>\n<p class=\"hyperion-css-1v9qo5x\">Irene Sokolow vid polisens nationella mediecenter skriver i ett mejl att det inte \u00e4r n\u00e5gon generell h\u00e5llning fr\u00e5n polisens sida att personer som utf\u00f6r klimataktioner b\u00f6r utvisas. <\/p>\n<p class=\"hyperion-css-1v9qo5x\">\u201dDet sker alltid en individuell pr\u00f6vning och den sker med st\u00f6d av lagstiftning i utl\u00e4nningslagen som s\u00e4ger att en person kan utvisas om den bed\u00f6ms utg\u00f6ra ett hot mot den allm\u00e4nna ordningen och inre s\u00e4kerheten. Beslutet kan \u00f6verklagas\u201d.<\/p>\n<p>FAKTABrotten David \u00e4r d\u00f6md f\u00f6r<\/p>\n<p class=\"hyperion-css-jonaf8\">\u2013\u00a0brott mot ordningslagen i mars 2024 till dagsb\u00f6ter, efter att han tillsammans med andra satt sig i v\u00e4gen f\u00f6r en hindert\u00e4vling p\u00e5 Stadion.<\/p>\n<p class=\"hyperion-css-jonaf8\">\u2013 st\u00f6rande av f\u00f6rr\u00e4ttning i juni 2023 f\u00f6r efter att han st\u00f6rt en p\u00e5g\u00e5ende omr\u00f6stning i riksdagen. <\/p>\n<p class=\"hyperion-css-jonaf8\">P\u00e5f\u00f6ljden blev i b\u00e5da fall dagsb\u00f6ter.<\/p>\n<p class=\"hyperion-css-jonaf8\">K\u00e4lla: Yttrande fr\u00e5n Gr\u00e4nspolisen i region Syd till Migrationsverket.<\/p>\n<p>L\u00e4s mer<\/p>\n","protected":false},"excerpt":{"rendered":"Uppdaterad 16.42 | Publicerad 2025-11-22 19.47 share-arrowDela unsaveSpara expand-left helsk\u00e4rmDavid Alcer Foto: Krister Hansson Forskaren David Alcer frihetsber\u00f6vades&hellip;\n","protected":false},"author":2,"featured_media":88682,"comment_status":"","ping_status":"","sticky":false,"template":"","format":"standard","meta":{"footnotes":""},"categories":[12],"tags":[22,23,26,27,17,21,24,25,28,29,15,16,18,34,31,33,32,30,19,20],"class_list":{"0":"post-88681","1":"post","2":"type-post","3":"status-publish","4":"format-standard","5":"has-post-thumbnail","7":"category-sverige","8":"tag-breaking-news","9":"tag-breakingnews","10":"tag-featured-news","11":"tag-featurednews","12":"tag-headlines","13":"tag-huvudnyheter","14":"tag-latest-news","15":"tag-latestnews","16":"tag-main-news","17":"tag-mainnews","18":"tag-news","19":"tag-nyheter","20":"tag-rubriker","21":"tag-se","22":"tag-svenska","23":"tag-sverige","24":"tag-sweden","25":"tag-swedish","26":"tag-top-stories","27":"tag-topstories"},"share_on_mastodon":{"url":"https:\/\/pubeurope.com\/@se\/115605579429971662","error":""},"_links":{"self":[{"href":"https:\/\/www.europesays.com\/se\/wp-json\/wp\/v2\/posts\/88681","targetHints":{"allow":["GET"]}}],"collection":[{"href":"https:\/\/www.europesays.com\/se\/wp-json\/wp\/v2\/posts"}],"about":[{"href":"https:\/\/www.europesays.com\/se\/wp-json\/wp\/v2\/types\/post"}],"author":[{"embeddable":true,"href":"https:\/\/www.europesays.com\/se\/wp-json\/wp\/v2\/users\/2"}],"replies":[{"embeddable":true,"href":"https:\/\/www.europesays.com\/se\/wp-json\/wp\/v2\/comments?post=88681"}],"version-history":[{"count":0,"href":"https:\/\/www.europesays.com\/se\/wp-json\/wp\/v2\/posts\/88681\/revisions"}],"wp:featuredmedia":[{"embeddable":true,"href":"https:\/\/www.europesays.com\/se\/wp-json\/wp\/v2\/media\/88682"}],"wp:attachment":[{"href":"https:\/\/www.europesays.com\/se\/wp-json\/wp\/v2\/media?parent=88681"}],"wp:term":[{"taxonomy":"category","embeddable":true,"href":"https:\/\/www.europesays.com\/se\/wp-json\/wp\/v2\/categories?post=88681"},{"taxonomy":"post_tag","embeddable":true,"href":"https:\/\/www.europesays.com\/se\/wp-json\/wp\/v2\/tags?post=88681"}],"curies":[{"name":"wp","href":"https:\/\/api.w.org\/{rel}","templated":true}]}}