{"id":88695,"date":"2025-11-24T16:34:17","date_gmt":"2025-11-24T16:34:17","guid":{"rendered":"https:\/\/www.europesays.com\/se\/88695\/"},"modified":"2025-11-24T16:34:17","modified_gmt":"2025-11-24T16:34:17","slug":"boro-chefen-om-motet-med-hellberg-vi-var-mycket-imponerade-championship","status":"publish","type":"post","link":"https:\/\/www.europesays.com\/se\/88695\/","title":{"rendered":"Boro-chefen om m\u00f6tet med Hellberg: &#8221;Vi var mycket imponerade&#8221; &#8211; Championship"},"content":{"rendered":"<p>Efter att ha tappat Rob Edwards till Wolverhampton nyligen tvingades Middlesbrough ge sig ut p\u00e5 tr\u00e4narjakt. Valet f\u00f6ll till slut p\u00e5 Hammarbys Kim Hellberg, som presenterades under m\u00e5ndagen. <\/p>\n<p>&#8221;Boros&#8221; fotbollschef Kieran Scott ber\u00e4ttar att han har haft god koll p\u00e5 37-\u00e5ringen, som f\u00f6rt Bajen till tv\u00e5 raka andraplatser i allsvenskan.<\/p>\n<p>&#8211; Kim \u00e4r en tr\u00e4nare som jag har f\u00f6ljt ett tag. Han \u00e4r k\u00e4nd inom europeiska fotbollskretsar som en lovande tr\u00e4nare, som har dragit till sig m\u00e5ngas uppm\u00e4rksamhet. Han har gjort v\u00e4ldigt bra ifr\u00e5n sig i Hammarby, s\u00e4ger Scott i ett uttalande.<\/p>\n<p>Redan n\u00e4r huvudtr\u00e4narposten blev ledig k\u00e4nde Scott att han ville tr\u00e4ffa Hellberg.<\/p>\n<p>&#8211; Jag, Neil (Bausor, ordf\u00f6rande) och Steve (Gibson, president) tr\u00e4ffade n\u00e5gra kandidater men Kim stod h\u00f6gt p\u00e5 min lista \u00f6ver personer jag ville prata. Vi tr\u00e4ffade honom och var mycket imponerade av vad han hade att s\u00e4ga samt hur han upptr\u00e4dde, s\u00e4ger Scott.<\/p>\n<p>Fotbollschefen l\u00e4gger till:<\/p>\n<p>&#8211; Vi k\u00e4nde att det var en tr\u00e4nare som kunde ta oss fram\u00e5t och vi \u00e4r v\u00e4ldigt glada \u00f6ver att f\u00e5 in honom.<\/p>\n<p>Formellt b\u00f6rjar Hellberg leda Middlesbrough senare i veckan, efter tisdagens toppfajt mot serieledaren Coventry.<\/p>\n","protected":false},"excerpt":{"rendered":"Efter att ha tappat Rob Edwards till Wolverhampton nyligen tvingades Middlesbrough ge sig ut p\u00e5 tr\u00e4narjakt. Valet f\u00f6ll&hellip;\n","protected":false},"author":2,"featured_media":88696,"comment_status":"","ping_status":"","sticky":false,"template":"","format":"standard","meta":{"footnotes":""},"categories":[5],"tags":[22,23,26,27,17,21,24,25,28,29,15,16,18,34,31,33,32,30,19,20],"class_list":{"0":"post-88695","1":"post","2":"type-post","3":"status-publish","4":"format-standard","5":"has-post-thumbnail","7":"category-rubriker","8":"tag-breaking-news","9":"tag-breakingnews","10":"tag-featured-news","11":"tag-featurednews","12":"tag-headlines","13":"tag-huvudnyheter","14":"tag-latest-news","15":"tag-latestnews","16":"tag-main-news","17":"tag-mainnews","18":"tag-news","19":"tag-nyheter","20":"tag-rubriker","21":"tag-se","22":"tag-svenska","23":"tag-sverige","24":"tag-sweden","25":"tag-swedish","26":"tag-top-stories","27":"tag-topstories"},"share_on_mastodon":{"url":"https:\/\/pubeurope.com\/@se\/115605645798803126","error":""},"_links":{"self":[{"href":"https:\/\/www.europesays.com\/se\/wp-json\/wp\/v2\/posts\/88695","targetHints":{"allow":["GET"]}}],"collection":[{"href":"https:\/\/www.europesays.com\/se\/wp-json\/wp\/v2\/posts"}],"about":[{"href":"https:\/\/www.europesays.com\/se\/wp-json\/wp\/v2\/types\/post"}],"author":[{"embeddable":true,"href":"https:\/\/www.europesays.com\/se\/wp-json\/wp\/v2\/users\/2"}],"replies":[{"embeddable":true,"href":"https:\/\/www.europesays.com\/se\/wp-json\/wp\/v2\/comments?post=88695"}],"version-history":[{"count":0,"href":"https:\/\/www.europesays.com\/se\/wp-json\/wp\/v2\/posts\/88695\/revisions"}],"wp:featuredmedia":[{"embeddable":true,"href":"https:\/\/www.europesays.com\/se\/wp-json\/wp\/v2\/media\/88696"}],"wp:attachment":[{"href":"https:\/\/www.europesays.com\/se\/wp-json\/wp\/v2\/media?parent=88695"}],"wp:term":[{"taxonomy":"category","embeddable":true,"href":"https:\/\/www.europesays.com\/se\/wp-json\/wp\/v2\/categories?post=88695"},{"taxonomy":"post_tag","embeddable":true,"href":"https:\/\/www.europesays.com\/se\/wp-json\/wp\/v2\/tags?post=88695"}],"curies":[{"name":"wp","href":"https:\/\/api.w.org\/{rel}","templated":true}]}}