{"id":88706,"date":"2025-11-24T16:48:08","date_gmt":"2025-11-24T16:48:08","guid":{"rendered":"https:\/\/www.europesays.com\/se\/88706\/"},"modified":"2025-11-24T16:48:08","modified_gmt":"2025-11-24T16:48:08","slug":"greta-thunberg-portad-fran-venedig","status":"publish","type":"post","link":"https:\/\/www.europesays.com\/se\/88706\/","title":{"rendered":"Greta Thunberg portad fr\u00e5n Venedig"},"content":{"rendered":"<p>Publicerad 24 nov 2025 kl 17.02Uppdaterad kl 17.19<\/p>\n<p>Greta Thunberg har blivit portad fr\u00e5n Venedig, rapporterar internationella medier.<\/p>\n<p>Orsaken \u00e4r att hon ska ha deltagit i en aktion d\u00e4r gr\u00f6n v\u00e4tska h\u00e4lldes i vattnet.\u00a0<\/p>\n<p><img loading=\"lazy\"   alt=\"\"\/><\/p>\n<p>Greta Thunberg.<\/p>\n<p>Foto: HANDOUT EXTINCTION REBELLION HANDOUT \/ EPA ANSA \/ EXTINCTION REBELLION<\/p>\n<p>\u00d6ppna bild i helsk\u00e4rm<img loading=\"lazy\"   alt=\"\"\/><\/p>\n<p>Greta Thunberg \u00e4r inte v\u00e4lkommen till Venedig.<\/p>\n<p>Foto: Anders Pihl\/Expressen Anders Pihl<\/p>\n<p>\u00d6ppna bild i helsk\u00e4rm<\/p>\n<p>Enligt <a href=\"https:\/\/corrieredelveneto.corriere.it\/notizie\/venezia-mestre\/cronaca\/25_novembre_23\/greta-thunberg-daspo-a-venezia-la-citta-allontana-l-attivista-dopo-la-protesa-a-rialto-fa467be0-117c-456d-af19-f524bc05exlk.shtml?refresh_ce\" rel=\"nofollow noopener\" target=\"_blank\">Corriere del Veneto<\/a> var det i l\u00f6rdags morse som 37 aktivister genomf\u00f6rde en aktion p\u00e5 den ber\u00f6mda Rialtobron \u00f6ver Canal Grande i Venedig.\u00a0<\/p>\n<p>Gr\u00f6n v\u00e4tska h\u00e4lldes ut fr\u00e5n fem tunnor samtidigt och f\u00e4rgade kanalen klargr\u00f6n vid bron. P\u00e5 bron hade h\u00e4ngt upp en banderoll med texten \u201dStop the ecocide\u201d, stoppa den storskaliga milj\u00f6f\u00f6rst\u00f6ringen.<\/p>\n<p>N\u00e4tverket Extinction Rebellion har tagit p\u00e5 sig aktionen och <a href=\"https:\/\/www.expressen.se\/tagg\/person\/greta-thunberg\/\" class=\"\" rel=\"nofollow noopener\" target=\"_blank\">Greta Thunberg<\/a> uppges ha st\u00e5tt i spetsen f\u00f6r aktivisterna.\u00a0<\/p>\n<p>Portades i tv\u00e5 dygn<\/p>\n<p>Alla deltagarna, inklusive Thunberg, avl\u00e4gsnades fr\u00e5n platsen och f\u00f6rbj\u00f6ds av kommunen att \u00e5terv\u00e4nda i 48 timmar. De anm\u00e4ldes f\u00f6r otill\u00e5ten demonstration, avtogs musikinstrument och banderoller och identifierades av polisen, enligt Corriere del Veneto.\u00a0<\/p>\n<p>Greta Thunberg visade inga dokument men l\u00e4mnade sina personuppgifter muntligt, rapporterar tidningen.\u00a0<\/p>\n<p>Inget milj\u00f6brott rapporterades eftersom det gr\u00f6na \u00e4mnet inte hade n\u00e5gra skadliga effekter.<\/p>\n<p>Venetiens regionpresident Luca Zaia s\u00e4ger i ett uttalande:<\/p>\n<p>\u2013 \u00c4nnu en handling som s\u00e5rar v\u00e5ra st\u00e4der , ytterligare en attack mot hj\u00e4rtat av v\u00e5rt arv. Jag f\u00f6rd\u00f6mer starkt dessa r\u00e4der; vandalism kan inte skydda milj\u00f6n.\u00a0<\/p>\n","protected":false},"excerpt":{"rendered":"Publicerad 24 nov 2025 kl 17.02Uppdaterad kl 17.19 Greta Thunberg har blivit portad fr\u00e5n Venedig, rapporterar internationella medier.&hellip;\n","protected":false},"author":2,"featured_media":88707,"comment_status":"","ping_status":"","sticky":false,"template":"","format":"standard","meta":{"footnotes":""},"categories":[14],"tags":[22,23,26,27,17,21,24,25,1309,2361,28,29,15,16,1227,1226,18,34,55,31,33,32,30,19,225,20,51,52,53,54],"class_list":{"0":"post-88706","1":"post","2":"type-post","3":"status-publish","4":"format-standard","5":"has-post-thumbnail","7":"category-varlden","8":"tag-breaking-news","9":"tag-breakingnews","10":"tag-featured-news","11":"tag-featurednews","12":"tag-headlines","13":"tag-huvudnyheter","14":"tag-latest-news","15":"tag-latestnews","16":"tag-location-italien","17":"tag-location-venedig","18":"tag-main-news","19":"tag-mainnews","20":"tag-news","21":"tag-nyheter","22":"tag-organization-extinction-rebellion","23":"tag-person-greta-thunberg","24":"tag-rubriker","25":"tag-se","26":"tag-sections-varlden","27":"tag-svenska","28":"tag-sverige","29":"tag-sweden","30":"tag-swedish","31":"tag-top-stories","32":"tag-topic-klimat-miljo","33":"tag-topstories","34":"tag-varlden","35":"tag-world","36":"tag-world-news","37":"tag-worldnews"},"share_on_mastodon":{"url":"https:\/\/pubeurope.com\/@se\/115605700827896392","error":""},"_links":{"self":[{"href":"https:\/\/www.europesays.com\/se\/wp-json\/wp\/v2\/posts\/88706","targetHints":{"allow":["GET"]}}],"collection":[{"href":"https:\/\/www.europesays.com\/se\/wp-json\/wp\/v2\/posts"}],"about":[{"href":"https:\/\/www.europesays.com\/se\/wp-json\/wp\/v2\/types\/post"}],"author":[{"embeddable":true,"href":"https:\/\/www.europesays.com\/se\/wp-json\/wp\/v2\/users\/2"}],"replies":[{"embeddable":true,"href":"https:\/\/www.europesays.com\/se\/wp-json\/wp\/v2\/comments?post=88706"}],"version-history":[{"count":0,"href":"https:\/\/www.europesays.com\/se\/wp-json\/wp\/v2\/posts\/88706\/revisions"}],"wp:featuredmedia":[{"embeddable":true,"href":"https:\/\/www.europesays.com\/se\/wp-json\/wp\/v2\/media\/88707"}],"wp:attachment":[{"href":"https:\/\/www.europesays.com\/se\/wp-json\/wp\/v2\/media?parent=88706"}],"wp:term":[{"taxonomy":"category","embeddable":true,"href":"https:\/\/www.europesays.com\/se\/wp-json\/wp\/v2\/categories?post=88706"},{"taxonomy":"post_tag","embeddable":true,"href":"https:\/\/www.europesays.com\/se\/wp-json\/wp\/v2\/tags?post=88706"}],"curies":[{"name":"wp","href":"https:\/\/api.w.org\/{rel}","templated":true}]}}