{"id":88715,"date":"2025-11-24T16:58:09","date_gmt":"2025-11-24T16:58:09","guid":{"rendered":"https:\/\/www.europesays.com\/se\/88715\/"},"modified":"2025-11-24T16:58:09","modified_gmt":"2025-11-24T16:58:09","slug":"experten-om-alla-nya-forsvarsfonder-spararna-kommer-ofta-in-sent-placera-se","status":"publish","type":"post","link":"https:\/\/www.europesays.com\/se\/88715\/","title":{"rendered":"Experten om alla nya f\u00f6rsvarsfonder: &quot;Spararna kommer ofta in sent&quot; &#8211; Placera.se"},"content":{"rendered":"<ol>\n<li><a href=\"https:\/\/news.google.com\/rss\/articles\/CBMiqgFBVV95cUxPTDNpVkZ6X0N0LVgxNUJvX0dtWkszc0JSNmxseE9xYVltb2M0WGNfMGlXTEhaZnBjcU1WWU5iZ1R4UV8wRlRvLTU3VThRekktR0dsbGtaaTc3ZjNiUVhDTGVoNFBWQk5tR3d0T3N3NFVzWXhianlNWE42NEJzYkpyTUd6enA4c09YdW1YVnRRQ0hCVVQ1Z0xSMHVXQ2d3U3JESHd2NEYtOXJQQQ?oc=5\" target=\"_blank\" rel=\"nofollow noopener\">Experten om alla nya f\u00f6rsvarsfonder: &#8221;Spararna kommer ofta in sent&#8221;<\/a>&nbsp;&nbsp;Placera.se<\/li>\n<li><a href=\"https:\/\/news.google.com\/rss\/articles\/CBMihgFBVV95cUxNaVpZSmRfcEFURVBRR1ktR1JHam12XzlaS3c1WmdNMnQ2aVlWQkhNVTR4UmRPRmhqNkt3V2lfTkN4NWc2czdFWVp3U01XZENfTUlESDAyWEdxS3I4YlR2cGZEbVdhQ21hZ3V0NzdYM05FV25WVGV3enFhQlVqN2prMXZhQjBBUQ?oc=5\" target=\"_blank\" rel=\"nofollow noopener\">S\u00e5 investerar de f\u00f6rm\u00f6gna just nu \u2013 litar p\u00e5 klassiker<\/a>&nbsp;&nbsp;DI<\/li>\n<li><a href=\"https:\/\/news.google.com\/rss\/articles\/CBMib0FVX3lxTFBXbTU2UnZ2TzBXc2VBOWJOREJGd1hNX29lX1pzTU16TDh5RVNWclpxQWpOUnNVaThxMUJNMUhDTTFfN3NJa2o2a2VCenM0akZBRExmTGlLRW91emdnSDZKdFMzM3pHa1llYzE5VUl3dw?oc=5\" target=\"_blank\" rel=\"nofollow noopener\">Storbankernas facit: \u201dLite sena till festen\u201d<\/a>&nbsp;&nbsp;EFN.se<\/li>\n<li><a href=\"https:\/\/news.google.com\/rss\/articles\/CBMitwFBVV95cUxONXJaSk5Kd0ZSRkowZXNQY09lMzVWVktoOS1jblM2OEZSWndsdmRDVzYxS2U4TlBzLXZ3dDJDUW5QRnVkdlY4N1R3dGwxQTlPdi1PWVY3eEg5M25TNjBKT2pvLURDOWhZUjEwaTJjbzlkUTN2Y3NtMVBfaHlBZHdsU19HSlFWdWtYYjJQYkdTTDI2NWNKMi1oSkQ2VmZfUmZrN3h5NFNqZWNPTWtGdFZtODNWenhWcWc?oc=5\" target=\"_blank\" rel=\"nofollow noopener\">Europeisk ren\u00e4ssans: F\u00f6rm\u00f6gna anpassar portf\u00f6ljen till en ny verklighet<\/a>&nbsp;&nbsp;Cision News<\/li>\n<li><a href=\"https:\/\/news.google.com\/rss\/articles\/CBMiigFBVV95cUxOQklyeXBXYmwyVXdIdDBjREoyc0xTWC1ZTE8yX3ctSy01QkFZelBzWmZrbFVGblJYVV9PVFNNc2FJZVNuUjR5d2F4bUdFclFjUmxjLUlSY21hMG9wbl9wUlZoR1l2NkR0a09nUFJuMnpVYUNTVWpEcUY1V1Q2WGx4aDlVR0w4YUlub3c?oc=5\" target=\"_blank\" rel=\"nofollow noopener\">Landsomfattande strejk i Belgien \u2013 p\u00e5g\u00e5r i tre dagar<\/a>&nbsp;&nbsp;Omni Ekonomi<\/li>\n<\/ol>\n","protected":false},"excerpt":{"rendered":"Experten om alla nya f\u00f6rsvarsfonder: &#8221;Spararna kommer ofta in sent&#8221;&nbsp;&nbsp;Placera.se S\u00e5 investerar de f\u00f6rm\u00f6gna just nu \u2013 litar&hellip;\n","protected":false},"author":2,"featured_media":88716,"comment_status":"","ping_status":"","sticky":false,"template":"","format":"standard","meta":{"footnotes":""},"categories":[5],"tags":[22,23,9844,9846,26,27,5847,17,21,9841,24,25,9840,28,29,9842,15,16,18,2200,34,9845,31,33,9843,32,30,19,20],"class_list":{"0":"post-88715","1":"post","2":"type-post","3":"status-publish","4":"format-standard","5":"has-post-thumbnail","7":"category-rubriker","8":"tag-breaking-news","9":"tag-breakingnews","10":"tag-danske-invest-defence-security","11":"tag-dnb-european-defence","12":"tag-featured-news","13":"tag-featurednews","14":"tag-forsvarsbolag","15":"tag-headlines","16":"tag-huvudnyheter","17":"tag-kongsberg-automotive","18":"tag-latest-news","19":"tag-latestnews","20":"tag-leonardo-drs","21":"tag-main-news","22":"tag-mainnews","23":"tag-morningstar","24":"tag-news","25":"tag-nyheter","26":"tag-rubriker","27":"tag-saab","28":"tag-se","29":"tag-seb-european-defence-security","30":"tag-svenska","31":"tag-sverige","32":"tag-swedbank-robur-security-and-defence","33":"tag-sweden","34":"tag-swedish","35":"tag-top-stories","36":"tag-topstories"},"share_on_mastodon":{"url":"https:\/\/pubeurope.com\/@se\/115605740142032558","error":""},"_links":{"self":[{"href":"https:\/\/www.europesays.com\/se\/wp-json\/wp\/v2\/posts\/88715","targetHints":{"allow":["GET"]}}],"collection":[{"href":"https:\/\/www.europesays.com\/se\/wp-json\/wp\/v2\/posts"}],"about":[{"href":"https:\/\/www.europesays.com\/se\/wp-json\/wp\/v2\/types\/post"}],"author":[{"embeddable":true,"href":"https:\/\/www.europesays.com\/se\/wp-json\/wp\/v2\/users\/2"}],"replies":[{"embeddable":true,"href":"https:\/\/www.europesays.com\/se\/wp-json\/wp\/v2\/comments?post=88715"}],"version-history":[{"count":0,"href":"https:\/\/www.europesays.com\/se\/wp-json\/wp\/v2\/posts\/88715\/revisions"}],"wp:featuredmedia":[{"embeddable":true,"href":"https:\/\/www.europesays.com\/se\/wp-json\/wp\/v2\/media\/88716"}],"wp:attachment":[{"href":"https:\/\/www.europesays.com\/se\/wp-json\/wp\/v2\/media?parent=88715"}],"wp:term":[{"taxonomy":"category","embeddable":true,"href":"https:\/\/www.europesays.com\/se\/wp-json\/wp\/v2\/categories?post=88715"},{"taxonomy":"post_tag","embeddable":true,"href":"https:\/\/www.europesays.com\/se\/wp-json\/wp\/v2\/tags?post=88715"}],"curies":[{"name":"wp","href":"https:\/\/api.w.org\/{rel}","templated":true}]}}