{"id":88723,"date":"2025-11-24T17:08:11","date_gmt":"2025-11-24T17:08:11","guid":{"rendered":"https:\/\/www.europesays.com\/se\/88723\/"},"modified":"2025-11-24T17:08:11","modified_gmt":"2025-11-24T17:08:11","slug":"walentoviczs-orebro-missade-damallsvenskan-tungt","status":"publish","type":"post","link":"https:\/\/www.europesays.com\/se\/88723\/","title":{"rendered":"Walentoviczs \u00d6rebro missade damallsvenskan: &#8221;Tungt&#8221;"},"content":{"rendered":"<p><strong>KIF \u00d6rebro kvalde mot BP f\u00f6r n\u00e5 damallsvenskan. <\/strong><br \/><strong>Men BP var f\u00f6r starka s\u00e5 KIF \u00d6rebro spelar elitettan n\u00e4sta \u00e5r igen. <\/strong><br \/><strong>\u2013 Det \u00e4r s\u00e5 tungt att f\u00f6rlora en fotbollsmatch till att b\u00f6rja med och sedan f\u00f6rlora ett kval p\u00e5 det h\u00e4r s\u00e4ttet, s\u00e4ger lagkapten Julia Walentovicz till <a href=\"https:\/\/www.fotbollskanalen.se\/artiklar\/elitettan\/stor-besvikelse-i-kif-orebro-missar-damallsvenskan-tungt\" rel=\"nofollow noopener\" target=\"_blank\">Fotbollskanalen.<\/a><\/strong><\/p>\n<p><img loading=\"lazy\" decoding=\"async\" width=\"1024\" height=\"576\" src=\"https:\/\/www.europesays.com\/se\/wp-content\/uploads\/2025\/11\/kif-1-1024x576.jpg\" alt=\"\" class=\"wp-image-343783\"  \/>Foto: Bildbyr\u00e5n<\/p>\n<p>Efter <a href=\"https:\/\/fotbolldirekt.se\/klubb\/kif-orebro-dff\/\" rel=\"nofollow noopener\" target=\"_blank\">KIF \u00d6rebros<\/a> fina tredjeplats i elitettan tog man sig till kvalplats f\u00f6r att n\u00e5 damallsvenskan. KIF \u00d6rebro m\u00f6tte Brommapojkarna och det var det rutinerade damallsvenska laget som gick vinnande ur striden och s\u00e4krade d\u00e4rmed en plats i <a href=\"https:\/\/fotbolldirekt.se\/damallsvenskan\/\" rel=\"nofollow noopener\" target=\"_blank\">damallsvenskan<\/a>. <\/p>\n<p>\u2013 Jag har sv\u00e5rt att ens hitta ord att beskriva. Det \u00e4r s\u00e5 tungt att f\u00f6rlora en fotbollsmatch till att b\u00f6rja med och sedan f\u00f6rlora ett kval p\u00e5 det h\u00e4r s\u00e4ttet. Jag tycker \u00e4nd\u00e5 att vi ger det en chans i b\u00e5da matcherna. Vi har jobbat s\u00e5 h\u00e5rt hela \u00e5ret f\u00f6r att komma till den h\u00e4r punkten, s\u00e5 blir det s\u00e5h\u00e4r, s\u00e4ger Julia Walentovicz till <a href=\"https:\/\/www.fotbollskanalen.se\/artiklar\/elitettan\/stor-besvikelse-i-kif-orebro-missar-damallsvenskan-tungt\" rel=\"nofollow noopener\" target=\"_blank\">Fotbollskanalen<\/a>.<\/p>\n<p>\u00d6rebrolaget pratar s\u00e4llan om att vinna utan pratar om att utvecklas. \u00c4ven s\u00e5 i kvalmatcherna. Men fokuset l\u00e5g p\u00e5 att ge allt de tv\u00e5 kvalmatcherna.<\/p>\n<p>\u2013 Vi sa att vi bara skulle maxa. I v\u00e5ra defensiva h\u00f6rnor klev vi upp med fyra och det \u00e4r lite v\u00e5rt spels\u00e4tt. Jag blir s\u00e5 stolt att alla v\u00e5gar, m\u00e5nga \u00e4r s\u00e5 unga, det kr\u00e4vs mycket b\u00e5de fysiskt och mentalt att spela de h\u00e4r matcherna. Just nu \u00f6nskar man bara att man vann, s\u00e4ger hon.<\/p>\n<p>Julia Walentovicz \u00e4r lagkapten f\u00f6r ett v\u00e4ldigt ungt lag. Efter en tuff kvalf\u00f6rlust blir hennes uppdrag som lagkapten allt viktigare. <\/p>\n<p>\u2013 Jag kommer s\u00e4ga till laget att man f\u00e5r vara bitter och arg men sedan s\u00e4tter vi stopp f\u00f6r det. Vi har gjort en enorm prestation och vi har s\u00e5 unga spelare, folk \u00e4r typ 15 \u00e5r, de ska vara stolta \u00f6ver det. N\u00e4sta s\u00e4song b\u00f6rjar nu.<\/p>\n<p><a href=\"https:\/\/fotbolldirekt.se\/klubb\/if-brommapojkarna-dam\/\" rel=\"nofollow noopener\" target=\"_blank\">BP<\/a> vann dubbelm\u00f6tet med 4\u20130. <\/p>\n","protected":false},"excerpt":{"rendered":"KIF \u00d6rebro kvalde mot BP f\u00f6r n\u00e5 damallsvenskan. Men BP var f\u00f6r starka s\u00e5 KIF \u00d6rebro spelar elitettan&hellip;\n","protected":false},"author":2,"featured_media":88724,"comment_status":"","ping_status":"","sticky":false,"template":"","format":"standard","meta":{"footnotes":""},"categories":[68],"tags":[1376,34,111,110,31,33,32,30],"class_list":{"0":"post-88723","1":"post","2":"type-post","3":"status-publish","4":"format-standard","5":"has-post-thumbnail","7":"category-sport","8":"tag-andra-trean","9":"tag-se","10":"tag-sport","11":"tag-sports","12":"tag-svenska","13":"tag-sverige","14":"tag-sweden","15":"tag-swedish"},"share_on_mastodon":{"url":"https:\/\/pubeurope.com\/@se\/115605779655733532","error":""},"_links":{"self":[{"href":"https:\/\/www.europesays.com\/se\/wp-json\/wp\/v2\/posts\/88723","targetHints":{"allow":["GET"]}}],"collection":[{"href":"https:\/\/www.europesays.com\/se\/wp-json\/wp\/v2\/posts"}],"about":[{"href":"https:\/\/www.europesays.com\/se\/wp-json\/wp\/v2\/types\/post"}],"author":[{"embeddable":true,"href":"https:\/\/www.europesays.com\/se\/wp-json\/wp\/v2\/users\/2"}],"replies":[{"embeddable":true,"href":"https:\/\/www.europesays.com\/se\/wp-json\/wp\/v2\/comments?post=88723"}],"version-history":[{"count":0,"href":"https:\/\/www.europesays.com\/se\/wp-json\/wp\/v2\/posts\/88723\/revisions"}],"wp:featuredmedia":[{"embeddable":true,"href":"https:\/\/www.europesays.com\/se\/wp-json\/wp\/v2\/media\/88724"}],"wp:attachment":[{"href":"https:\/\/www.europesays.com\/se\/wp-json\/wp\/v2\/media?parent=88723"}],"wp:term":[{"taxonomy":"category","embeddable":true,"href":"https:\/\/www.europesays.com\/se\/wp-json\/wp\/v2\/categories?post=88723"},{"taxonomy":"post_tag","embeddable":true,"href":"https:\/\/www.europesays.com\/se\/wp-json\/wp\/v2\/tags?post=88723"}],"curies":[{"name":"wp","href":"https:\/\/api.w.org\/{rel}","templated":true}]}}