{"id":88725,"date":"2025-11-24T17:13:08","date_gmt":"2025-11-24T17:13:08","guid":{"rendered":"https:\/\/www.europesays.com\/se\/88725\/"},"modified":"2025-11-24T17:13:08","modified_gmt":"2025-11-24T17:13:08","slug":"forsvarsmaktens-overvaganden-infor-framtidens-militara-forsvar","status":"publish","type":"post","link":"https:\/\/www.europesays.com\/se\/88725\/","title":{"rendered":"F\u00f6rsvarsmaktens \u00f6verv\u00e4ganden inf\u00f6r framtidens milit\u00e4ra f\u00f6rsvar"},"content":{"rendered":"<p class=\"p1\">I slutet av september fick F\u00f6rsvarsmakten i uppdrag av regeringen att tydligg\u00f6ra vilka \u00e5tg\u00e4rder som \u00e4r mest angel\u00e4gna f\u00f6r att Sverige ska kunna uppfylla de f\u00f6rm\u00e5gem\u00e5l och prioriteringar som Nato har fastst\u00e4llt. Uppdraget skulle redovisas inom anslagsniv\u00e5erna 3,1 respektive 3,5 procent av BNP. F\u00f6rsvarsmakten har i \u00f6verv\u00e4gandena tagit sin utg\u00e5ngspunkt i f\u00f6rsvarsbeslut 2024 och i g\u00e4llande styrningar.<\/p>\n<p class=\"p1\">\u00d6verl\u00e4mningen av det arbete som internt har g\u00e5tt under namnet H 25 sker p\u00e5 Regeringskansliet m\u00e5ndag 24 november, i n\u00e4rvaro av \u00d6B Michael Claesson, Carl-Johan Edstr\u00f6m, chef f\u00f6rsvarsstaben, och Johan Pekkari, chef strategienheten.<\/p>\n<p class=\"p1\">\u2013 Det h\u00e4r \u00e4r inte en ny plan. Det \u00e4r en bed\u00f6mning av vad som kr\u00e4vs f\u00f6r att st\u00e4rka v\u00e5r milit\u00e4ra f\u00f6rm\u00e5ga och var resurserna g\u00f6r mest nytta. Det fortsatta arbetet kommer att ske i en politisk beslutsprocess, s\u00e4ger generall\u00f6jtnant Carl-Johan Edstr\u00f6m, chef f\u00f6r f\u00f6rsvarsstaben.<\/p>\n<p>Prioriteringar i underlaget<\/p>\n<p class=\"p1\">Det s\u00e4kerhetspolitiska l\u00e4get \u00e4r fortsatt allvarligt. F\u00f6r att b\u00e4ttre f\u00f6rsvara Sverige och alliansen lyfter F\u00f6rsvarsmakten framf\u00f6r allt behovet av:<\/p>\n<ul class=\"ul1\">\n<li class=\"li1\">L\u00e5ngr\u00e4ckviddig bek\u00e4mpning \u2013 f\u00f6r att kunna m\u00f6ta en kvalificerad motst\u00e5ndare p\u00e5 djupet och bidra till alliansens samlade f\u00f6rm\u00e5ga.<\/li>\n<li class=\"li1\">Kontroll \u00f6ver \u00d6stersj\u00f6n \u00f6ver tid \u2013 d\u00e4r sj\u00f6- och luftl\u00e4get \u00e4r avg\u00f6rande f\u00f6r r\u00f6rlighet, f\u00f6rst\u00e4rkningar och f\u00f6rs\u00f6rjning.<\/li>\n<li class=\"li1\">En f\u00f6rb\u00e4ttrad och uth\u00e5llig l\u00e4gesbild \u2013 genom mark-, luft- och rymdbaserade sensorer.<\/li>\n<li class=\"li1\">Luft- och robotf\u00f6rsvar i hela Natos operationsomr\u00e5de \u2013 b\u00e5de f\u00f6r skydd av egna f\u00f6rband och f\u00f6r att st\u00e4rka den norra flankens motst\u00e5ndskraft.<\/li>\n<li class=\"li1\">Ett robust logistikn\u00e4tverk \u2013 med logistik och infrastruktur som kan ta emot och st\u00f6dja allierade styrkor under l\u00e4ngre tid.<\/li>\n<\/ul>\n<p>Sverige tar ansvar<\/p>\n<p class=\"p1\">D\u00e4rtill pekar F\u00f6rsvarsmakten p\u00e5 fortsatt behov av skydd av f\u00f6rband och anl\u00e4ggningar, utveckling av obemannade system och st\u00e4rkt cyberf\u00f6rsvar.<\/p>\n<p>\u2013 Mitt viktigaste budskap \u00e4r att Sverige tar ansvar f\u00f6r sin s\u00e4kerhet. Vi st\u00e4rker v\u00e5r f\u00f6rm\u00e5ga att f\u00f6rsvara Sverige och v\u00e5ra allierade fr\u00e5n ett v\u00e4pnat angrepp enligt Natos f\u00f6rm\u00e5gem\u00e5l och v\u00e5rt ansvar i ett st\u00f6rre operationsomr\u00e5de. Det kr\u00e4ver resurser, tydliga prioriteringar och l\u00e5ngsiktighet. Ytterst handlar det om v\u00e5r frihet, v\u00e5r trygghet och v\u00e5r s\u00e4kerhet, s\u00e4ger Carl-Johan Edstr\u00f6m. \u00a0 \u00a0 \u00a0 \u00a0<\/p>\n<p class=\"p1\">Efter \u00f6verl\u00e4mningen kommer underlaget att ing\u00e5 i regeringens fortsatta beredning.<\/p>\n<p class=\"p1\">F\u00f6rsvarsmaktens \u00f6verv\u00e4ganden \u00e4r framtagna i n\u00e4ra samverkan med Fortifikationsverket, F\u00f6rsvarets materielverk, F\u00f6rsvarets radioanstalt, F\u00f6rsvarsh\u00f6gskolan, Plikt- och pr\u00f6vningsverket, Totalf\u00f6rsvarets forskningsinstitut och \u00f6vriga ber\u00f6rda myndigheter.<\/p>\n","protected":false},"excerpt":{"rendered":"I slutet av september fick F\u00f6rsvarsmakten i uppdrag av regeringen att tydligg\u00f6ra vilka \u00e5tg\u00e4rder som \u00e4r mest angel\u00e4gna&hellip;\n","protected":false},"author":2,"featured_media":88726,"comment_status":"","ping_status":"","sticky":false,"template":"","format":"standard","meta":{"footnotes":""},"categories":[12],"tags":[22,23,2075,26,27,9847,17,21,24,25,28,29,999,15,16,18,34,31,33,32,30,19,20],"class_list":{"0":"post-88725","1":"post","2":"type-post","3":"status-publish","4":"format-standard","5":"has-post-thumbnail","7":"category-sverige","8":"tag-breaking-news","9":"tag-breakingnews","10":"tag-civilmilitar-samverkan","11":"tag-featured-news","12":"tag-featurednews","13":"tag-forsvarsmaktsledningen","14":"tag-headlines","15":"tag-huvudnyheter","16":"tag-latest-news","17":"tag-latestnews","18":"tag-main-news","19":"tag-mainnews","20":"tag-nato","21":"tag-news","22":"tag-nyheter","23":"tag-rubriker","24":"tag-se","25":"tag-svenska","26":"tag-sverige","27":"tag-sweden","28":"tag-swedish","29":"tag-top-stories","30":"tag-topstories"},"share_on_mastodon":{"url":"https:\/\/pubeurope.com\/@se\/115605799130728563","error":""},"_links":{"self":[{"href":"https:\/\/www.europesays.com\/se\/wp-json\/wp\/v2\/posts\/88725","targetHints":{"allow":["GET"]}}],"collection":[{"href":"https:\/\/www.europesays.com\/se\/wp-json\/wp\/v2\/posts"}],"about":[{"href":"https:\/\/www.europesays.com\/se\/wp-json\/wp\/v2\/types\/post"}],"author":[{"embeddable":true,"href":"https:\/\/www.europesays.com\/se\/wp-json\/wp\/v2\/users\/2"}],"replies":[{"embeddable":true,"href":"https:\/\/www.europesays.com\/se\/wp-json\/wp\/v2\/comments?post=88725"}],"version-history":[{"count":0,"href":"https:\/\/www.europesays.com\/se\/wp-json\/wp\/v2\/posts\/88725\/revisions"}],"wp:featuredmedia":[{"embeddable":true,"href":"https:\/\/www.europesays.com\/se\/wp-json\/wp\/v2\/media\/88726"}],"wp:attachment":[{"href":"https:\/\/www.europesays.com\/se\/wp-json\/wp\/v2\/media?parent=88725"}],"wp:term":[{"taxonomy":"category","embeddable":true,"href":"https:\/\/www.europesays.com\/se\/wp-json\/wp\/v2\/categories?post=88725"},{"taxonomy":"post_tag","embeddable":true,"href":"https:\/\/www.europesays.com\/se\/wp-json\/wp\/v2\/tags?post=88725"}],"curies":[{"name":"wp","href":"https:\/\/api.w.org\/{rel}","templated":true}]}}