{"id":88731,"date":"2025-11-24T17:17:08","date_gmt":"2025-11-24T17:17:08","guid":{"rendered":"https:\/\/www.europesays.com\/se\/88731\/"},"modified":"2025-11-24T17:17:08","modified_gmt":"2025-11-24T17:17:08","slug":"lackberg-och-skolds-ingrepp-i-turkiet-inte-20-langre","status":"publish","type":"post","link":"https:\/\/www.europesays.com\/se\/88731\/","title":{"rendered":"L\u00e4ckberg och Sk\u00f6lds ingrepp i Turkiet: \u201dInte 20 l\u00e4ngre\u201d"},"content":{"rendered":"<p>Publicerad 24 nov 2025 kl 18.00<\/p>\n<p>Simon Sk\u00f6ld har lagt sig under kniven.<\/p>\n<p>\u201dFarbror \u00e4r inte 20 l\u00e4ngre\u201d, skriver frun Camilla L\u00e4ckberg p\u00e5 Instagram.\u00a0<\/p>\n<p><img   alt=\"\"\/><\/p>\n<p>Simon Sk\u00f6ld och Camilla L\u00e4ckberg p\u00e5 Viaplays pressdag tidigare i \u00e5r.<\/p>\n<p>Foto: Claudio Bresciani \/ TT NYHETSBYR\u00c5N<\/p>\n<p>\u00d6ppna bild i helsk\u00e4rm<img loading=\"lazy\"   alt=\"\"\/><\/p>\n<p>Simon Sk\u00f6ld under ingreppet.<\/p>\n<p>Foto: Instagram<\/p>\n<p>\u00d6ppna bild i helsk\u00e4rm<img loading=\"lazy\"   alt=\"\"\/><\/p>\n<p>\u201dDet har g\u00e5tt bra\u201d, skriver han efter\u00e5t.<\/p>\n<p>Foto: Instagram<\/p>\n<p>\u00d6ppna bild i helsk\u00e4rm<\/p>\n<p>I helgen \u00e5kte Camilla L\u00e4ckberg, 51 och Simon Sk\u00f6ld, 38 till turkiska <a href=\"https:\/\/www.expressen.se\/tagg\/location\/istanbul\/\" class=\"\" rel=\"nofollow noopener\" target=\"_blank\">Istanbul<\/a>.<\/p>\n<p>\u201dFarbror \u00e4r inte 20 l\u00e4ngre\u2026 H\u00e5rf\u00e4stet har b\u00f6rjat krypa upp\u00e5t\u2026 s\u00e5 i g\u00e5r drog jag och Simon Sk\u00f6ld till Turkiet (&#8230;) och i dag g\u00f6r han ingreppet (&#8230;)\u201d, skriver L\u00e4ckberg p\u00e5 Instagram i ett inl\u00e4gg som \u00e4r m\u00e4rkt som reklam f\u00f6r den aktuella kliniken.<\/p>\n<p>Simon Sk\u00f6lds svar p\u00e5 fr\u00e5gan<\/p>\n<p>Efter ingreppet skriver Simon Sk\u00f6ld i ett sms till Expressen:<\/p>\n<p>\u201dDet har g\u00e5tt bra, operationen gjordes i g\u00e5r och gick smidigt. Allt ser ut att l\u00e4ka bra men man m\u00e5ste vara f\u00f6rsiktig f\u00f6rsta tiden s\u00e5 det f\u00e5r l\u00e4ka i lugn och ro.\u201d<\/p>\n","protected":false},"excerpt":{"rendered":"Publicerad 24 nov 2025 kl 18.00 Simon Sk\u00f6ld har lagt sig under kniven. \u201dFarbror \u00e4r inte 20 l\u00e4ngre\u201d,&hellip;\n","protected":false},"author":2,"featured_media":88732,"comment_status":"","ping_status":"","sticky":false,"template":"","format":"standard","meta":{"footnotes":""},"categories":[67],"tags":[104,7534,34,31,33,32,30,310,105],"class_list":{"0":"post-88731","1":"post","2":"type-post","3":"status-publish","4":"format-standard","5":"has-post-thumbnail","7":"category-underhallning","8":"tag-entertainment","9":"tag-location-istanbul","10":"tag-se","11":"tag-svenska","12":"tag-sverige","13":"tag-sweden","14":"tag-swedish","15":"tag-topic-kandisar","16":"tag-underhallning"},"share_on_mastodon":{"url":"https:\/\/pubeurope.com\/@se\/115605814862609822","error":""},"_links":{"self":[{"href":"https:\/\/www.europesays.com\/se\/wp-json\/wp\/v2\/posts\/88731","targetHints":{"allow":["GET"]}}],"collection":[{"href":"https:\/\/www.europesays.com\/se\/wp-json\/wp\/v2\/posts"}],"about":[{"href":"https:\/\/www.europesays.com\/se\/wp-json\/wp\/v2\/types\/post"}],"author":[{"embeddable":true,"href":"https:\/\/www.europesays.com\/se\/wp-json\/wp\/v2\/users\/2"}],"replies":[{"embeddable":true,"href":"https:\/\/www.europesays.com\/se\/wp-json\/wp\/v2\/comments?post=88731"}],"version-history":[{"count":0,"href":"https:\/\/www.europesays.com\/se\/wp-json\/wp\/v2\/posts\/88731\/revisions"}],"wp:featuredmedia":[{"embeddable":true,"href":"https:\/\/www.europesays.com\/se\/wp-json\/wp\/v2\/media\/88732"}],"wp:attachment":[{"href":"https:\/\/www.europesays.com\/se\/wp-json\/wp\/v2\/media?parent=88731"}],"wp:term":[{"taxonomy":"category","embeddable":true,"href":"https:\/\/www.europesays.com\/se\/wp-json\/wp\/v2\/categories?post=88731"},{"taxonomy":"post_tag","embeddable":true,"href":"https:\/\/www.europesays.com\/se\/wp-json\/wp\/v2\/tags?post=88731"}],"curies":[{"name":"wp","href":"https:\/\/api.w.org\/{rel}","templated":true}]}}