{"id":88733,"date":"2025-11-24T17:24:08","date_gmt":"2025-11-24T17:24:08","guid":{"rendered":"https:\/\/www.europesays.com\/se\/88733\/"},"modified":"2025-11-24T17:24:08","modified_gmt":"2025-11-24T17:24:08","slug":"tre-till-sjukhus-efter-krock-pa-e4-vid-fittja","status":"publish","type":"post","link":"https:\/\/www.europesays.com\/se\/88733\/","title":{"rendered":"Tre till sjukhus efter krock p\u00e5 E4 vid Fittja"},"content":{"rendered":"<p>Fem personbilar och en lastbil har krockat p\u00e5 E4 s\u00f6der om Stockholm, skriver Aftonbladet. Olyckan har skett vid Fittja. <\/p>\n<p>\u2013 Det \u00e4r extremt l\u00e5nga k\u00f6er, s\u00e4ger Daniel Kaissidis vid r\u00e4ddningstj\u00e4nsten, till tidningen. <\/p>\n<p>Tre personer har f\u00f6rts till sjukhus med oklart skadel\u00e4ge. <\/p>\n<p>Omni \u00e4r politiskt obundna och oberoende. Vi str\u00e4var efter att ge fler perspektiv p\u00e5 nyheterna. Har du fr\u00e5gor eller synpunkter kring v\u00e5r rapportering? <a href=\"https:\/\/omni.se\/tre-till-sjukhus-efter-krock-pa-e4-flera-bilar-inblandade\/a\/mailto:redaktion@omni.se\" class=\"ArticleActions_contactLink__W2F1M\" rel=\"nofollow noopener\" target=\"_blank\">Kontakta redaktionen<\/a><\/p>\n","protected":false},"excerpt":{"rendered":"Fem personbilar och en lastbil har krockat p\u00e5 E4 s\u00f6der om Stockholm, skriver Aftonbladet. Olyckan har skett vid&hellip;\n","protected":false},"author":2,"featured_media":88734,"comment_status":"","ping_status":"","sticky":false,"template":"","format":"standard","meta":{"footnotes":""},"categories":[5],"tags":[22,23,26,27,17,21,24,25,28,29,15,16,18,34,127,31,33,32,30,19,20,9848],"class_list":{"0":"post-88733","1":"post","2":"type-post","3":"status-publish","4":"format-standard","5":"has-post-thumbnail","7":"category-rubriker","8":"tag-breaking-news","9":"tag-breakingnews","10":"tag-featured-news","11":"tag-featurednews","12":"tag-headlines","13":"tag-huvudnyheter","14":"tag-latest-news","15":"tag-latestnews","16":"tag-main-news","17":"tag-mainnews","18":"tag-news","19":"tag-nyheter","20":"tag-rubriker","21":"tag-se","22":"tag-stockholms-lan","23":"tag-svenska","24":"tag-sverige","25":"tag-sweden","26":"tag-swedish","27":"tag-top-stories","28":"tag-topstories","29":"tag-trafikolyckor"},"share_on_mastodon":{"url":"https:\/\/pubeurope.com\/@se\/115605842377861197","error":""},"_links":{"self":[{"href":"https:\/\/www.europesays.com\/se\/wp-json\/wp\/v2\/posts\/88733","targetHints":{"allow":["GET"]}}],"collection":[{"href":"https:\/\/www.europesays.com\/se\/wp-json\/wp\/v2\/posts"}],"about":[{"href":"https:\/\/www.europesays.com\/se\/wp-json\/wp\/v2\/types\/post"}],"author":[{"embeddable":true,"href":"https:\/\/www.europesays.com\/se\/wp-json\/wp\/v2\/users\/2"}],"replies":[{"embeddable":true,"href":"https:\/\/www.europesays.com\/se\/wp-json\/wp\/v2\/comments?post=88733"}],"version-history":[{"count":0,"href":"https:\/\/www.europesays.com\/se\/wp-json\/wp\/v2\/posts\/88733\/revisions"}],"wp:featuredmedia":[{"embeddable":true,"href":"https:\/\/www.europesays.com\/se\/wp-json\/wp\/v2\/media\/88734"}],"wp:attachment":[{"href":"https:\/\/www.europesays.com\/se\/wp-json\/wp\/v2\/media?parent=88733"}],"wp:term":[{"taxonomy":"category","embeddable":true,"href":"https:\/\/www.europesays.com\/se\/wp-json\/wp\/v2\/categories?post=88733"},{"taxonomy":"post_tag","embeddable":true,"href":"https:\/\/www.europesays.com\/se\/wp-json\/wp\/v2\/tags?post=88733"}],"curies":[{"name":"wp","href":"https:\/\/api.w.org\/{rel}","templated":true}]}}