{"id":88773,"date":"2025-11-24T18:16:07","date_gmt":"2025-11-24T18:16:07","guid":{"rendered":"https:\/\/www.europesays.com\/se\/88773\/"},"modified":"2025-11-24T18:16:07","modified_gmt":"2025-11-24T18:16:07","slug":"sprakande-ljusfenomen-over-gallstao-helt-galet","status":"publish","type":"post","link":"https:\/\/www.europesays.com\/se\/88773\/","title":{"rendered":"Sprakande ljusfenomen \u00f6ver G\u00e4llsta\u00f6: &#8221;Helt galet&#8221;"},"content":{"rendered":"<p><img decoding=\"async\" class=\"Image Image_\" src=\"\" data-aghref=\"http:\/\/www.mitti.se\/image-3.350113.265866.20251124180110.1.c85a3b198f\" data-agimagetype=\"hardcrop\" alt=\"Strax f\u00f6re midnatt p\u00e5 fredagen f\u00e5ngade Eker\u00f6bon Melvin Klejus\u00a0ljusfenomenet \u00f6ver G\u00e4llsta\u00f6.\"\/><\/p>\n<p class=\"Caption\">Strax f\u00f6re midnatt p\u00e5 fredagen f\u00e5ngade Eker\u00f6bon Melvin Klejus\u00a0ljusfenomenet \u00f6ver G\u00e4llsta\u00f6.<\/p>\n<p class=\"Source\">Melvin Klejus  <\/p>\n<p>Ett klot som flyger \u00f6ver himlen vid G\u00e4llsta\u00f6 fick Eker\u00f6bon Melvin Klejus\u00a0att ta upp telefonen. \u2013 Det var verkligen en extraordin\u00e4r syn, s\u00e4ger han. <\/p>\n<p class=\"text\">Strax f\u00f6re midnatt p\u00e5 fredagen hade Eker\u00f6borna Melvin Klejus\u00a0och Bastian Rodzon just l\u00e4mnat av en v\u00e4n vid G\u00e4llsta\u00f6 n\u00e4r de ser ett ljusfenomen flyga \u00f6ver himlen. <\/p>\n<p class=\"text\">\u2013 Det var verkligen en extraordin\u00e4r syn. S\u00e5 vi fick upp kameran, s\u00e4ger han. <\/p>\n<p class=\"text\">En 20 sekunder l\u00e5ng film blev det, d\u00e4r man tydligt ser ett brinnande klot flyga \u00f6ver himlen, f\u00f6ljd av en eldsvans. <\/p>\n<p>H\u00f6rde den<\/p>\n<p class=\"text\">\u2013 Vi s\u00e5g den under s\u00e5 l\u00e5ng tid och s\u00e5 n\u00e4ra. Det var en j\u00e4kligt m\u00e4rklig syn, s\u00e4ger han. \u00a0<\/p>\n<p class=\"text\">\u2013 Och vi h\u00f6rde den ocks\u00e5. Det var ett svishande ljud, som en l\u00e5gt sprakande raket \u00f6ver himlen. Helt galet. <\/p>\n<p class=\"text\">Det Melvin och Bastian s\u00e5g var en bolid, menar Jonas Appelberg, kommunikat\u00f6r p\u00e5 Rymdstyrelsen. <\/p>\n<p class=\"text\">\u2013 Det \u00e4r en meteor som brinner i atmosf\u00e4ren, men den brinner v\u00e4ldigt ljusstarkt. D\u00e4rf\u00f6r syns den v\u00e4ldigt tydligt, s\u00e4rskilt den h\u00e4r m\u00f6rka tiden p\u00e5 \u00e5ret, s\u00e4ger han. <\/p>\n<p class=\"text\">Det \u00e4r storleken, hastigheten och sammans\u00e4ttningen i materialet i stenen som g\u00f6r en bolid s\u00e5 ljusstark. Det \u00e4r ocks\u00e5 det som g\u00f6r att Melvin Klejus\u00a0och Bastian Rodzon kunde h\u00f6ra det svaga sprakandet. <\/p>\n<p>Spr\u00e4ngs<\/p>\n<p class=\"text\">\u2013 Det som h\u00e4nder \u00e4r att stenen spr\u00e4ngs, visserligen v\u00e4ldigt h\u00f6gt upp i atmosf\u00e4ren, men \u00e4nd\u00e5 fullt h\u00f6rbart om man \u00e4r p\u00e5 en tyst plats, s\u00e4ger Jonas Appelberg. <\/p>\n<p class=\"text\">\u00c4ven om mycket av stenen brann upp p\u00e5 sin v\u00e4g genom atmosf\u00e4ren kan fragment ha landat n\u00e5gonstans, menar han. <\/p>\n<p class=\"text\">\u2013 Ungef\u00e4r 50 ton sten tr\u00e4ffar jorden varje dag, men det handlar framf\u00f6rallt om stoft. <\/p>\n","protected":false},"excerpt":{"rendered":"Strax f\u00f6re midnatt p\u00e5 fredagen f\u00e5ngade Eker\u00f6bon Melvin Klejus\u00a0ljusfenomenet \u00f6ver G\u00e4llsta\u00f6. Melvin Klejus Ett klot som flyger \u00f6ver&hellip;\n","protected":false},"author":2,"featured_media":88774,"comment_status":"","ping_status":"","sticky":false,"template":"","format":"standard","meta":{"footnotes":""},"categories":[66],"tags":[80,78,79,34,31,33,32,30,81,84,83,82],"class_list":{"0":"post-88773","1":"post","2":"type-post","3":"status-publish","4":"format-standard","5":"has-post-thumbnail","7":"category-vetenskap-och-teknik","8":"tag-science","9":"tag-science-and-technology","10":"tag-scienceandtechnology","11":"tag-se","12":"tag-svenska","13":"tag-sverige","14":"tag-sweden","15":"tag-swedish","16":"tag-technology","17":"tag-teknik","18":"tag-vetenskap","19":"tag-vetenskapteknik"},"share_on_mastodon":{"url":"https:\/\/pubeurope.com\/@se\/115606046940622014","error":""},"_links":{"self":[{"href":"https:\/\/www.europesays.com\/se\/wp-json\/wp\/v2\/posts\/88773","targetHints":{"allow":["GET"]}}],"collection":[{"href":"https:\/\/www.europesays.com\/se\/wp-json\/wp\/v2\/posts"}],"about":[{"href":"https:\/\/www.europesays.com\/se\/wp-json\/wp\/v2\/types\/post"}],"author":[{"embeddable":true,"href":"https:\/\/www.europesays.com\/se\/wp-json\/wp\/v2\/users\/2"}],"replies":[{"embeddable":true,"href":"https:\/\/www.europesays.com\/se\/wp-json\/wp\/v2\/comments?post=88773"}],"version-history":[{"count":0,"href":"https:\/\/www.europesays.com\/se\/wp-json\/wp\/v2\/posts\/88773\/revisions"}],"wp:featuredmedia":[{"embeddable":true,"href":"https:\/\/www.europesays.com\/se\/wp-json\/wp\/v2\/media\/88774"}],"wp:attachment":[{"href":"https:\/\/www.europesays.com\/se\/wp-json\/wp\/v2\/media?parent=88773"}],"wp:term":[{"taxonomy":"category","embeddable":true,"href":"https:\/\/www.europesays.com\/se\/wp-json\/wp\/v2\/categories?post=88773"},{"taxonomy":"post_tag","embeddable":true,"href":"https:\/\/www.europesays.com\/se\/wp-json\/wp\/v2\/tags?post=88773"}],"curies":[{"name":"wp","href":"https:\/\/api.w.org\/{rel}","templated":true}]}}