{"id":88792,"date":"2025-11-24T18:52:31","date_gmt":"2025-11-24T18:52:31","guid":{"rendered":"https:\/\/www.europesays.com\/se\/88792\/"},"modified":"2025-11-24T18:52:31","modified_gmt":"2025-11-24T18:52:31","slug":"trodde-att-man-kunde-vara-grov-hos-sd","status":"publish","type":"post","link":"https:\/\/www.europesays.com\/se\/88792\/","title":{"rendered":"Trodde att man kunde vara grov hos SD"},"content":{"rendered":"<p>Pedofilsk\u00e4mt om C, j\u00e4mf\u00f6relser mellan \u00c5kessons och Hitlers pungkulor och sk\u00e4mt om ungdomsordf\u00f6randen Denice Westerbergs br\u00f6ststorlek \u2013 Viktor Klemmings upptr\u00e4dande p\u00e5 SD:s landsdagar fick ett minst sagt blandat mottagande.<\/p>\n<p>M\u00e5nga skrattade, medan andra l\u00e4mnade lokalen i protest. Standup-komikern sj\u00e4lv s\u00e4ger till Expressen att han i princip blev avsl\u00e4ngd fr\u00e5n scenen efter\u00e5t.<\/p>\n<p>\u2013 Jag t\u00e4nkte, \u00e4r det n\u00e5gonstans man kan vara grov \u00e4r det hos SD, men icke sa Nicke.<\/p>\n<p>Klemming \u00e4r f\u00f6rv\u00e5nad \u00f6ver reaktionerna och s\u00e4ger att han gick \u201dall in\u201d eftersom han t\u00e4nkte att SD:are \u00e4r tr\u00f6tta p\u00e5 l\u00e4ttkr\u00e4nkthet. I slut\u00e4ndan \u00e4r han dock n\u00f6jd med att han tackade ja.<\/p>\n<p>Omni \u00e4r politiskt obundna och oberoende. Vi str\u00e4var efter att ge fler perspektiv p\u00e5 nyheterna. Har du fr\u00e5gor eller synpunkter kring v\u00e5r rapportering? <a href=\"https:\/\/omni.se\/komikern-trodde-att-man-kunde-vara-grov-hos-sd\/a\/mailto:redaktion@omni.se\" class=\"ArticleActions_contactLink__W2F1M\" rel=\"nofollow noopener\" target=\"_blank\">Kontakta redaktionen<\/a><\/p>\n","protected":false},"excerpt":{"rendered":"Pedofilsk\u00e4mt om C, j\u00e4mf\u00f6relser mellan \u00c5kessons och Hitlers pungkulor och sk\u00e4mt om ungdomsordf\u00f6randen Denice Westerbergs br\u00f6ststorlek \u2013 Viktor&hellip;\n","protected":false},"author":2,"featured_media":88793,"comment_status":"","ping_status":"","sticky":false,"template":"","format":"standard","meta":{"footnotes":""},"categories":[5],"tags":[22,23,26,27,17,9763,21,24,25,28,29,15,16,369,18,34,31,33,617,32,30,19,20],"class_list":{"0":"post-88792","1":"post","2":"type-post","3":"status-publish","4":"format-standard","5":"has-post-thumbnail","7":"category-rubriker","8":"tag-breaking-news","9":"tag-breakingnews","10":"tag-featured-news","11":"tag-featurednews","12":"tag-headlines","13":"tag-humor","14":"tag-huvudnyheter","15":"tag-latest-news","16":"tag-latestnews","17":"tag-main-news","18":"tag-mainnews","19":"tag-news","20":"tag-nyheter","21":"tag-politik","22":"tag-rubriker","23":"tag-se","24":"tag-svenska","25":"tag-sverige","26":"tag-sverigedemokraterna","27":"tag-sweden","28":"tag-swedish","29":"tag-top-stories","30":"tag-topstories"},"share_on_mastodon":{"url":"https:\/\/pubeurope.com\/@se\/115606188432450969","error":""},"_links":{"self":[{"href":"https:\/\/www.europesays.com\/se\/wp-json\/wp\/v2\/posts\/88792","targetHints":{"allow":["GET"]}}],"collection":[{"href":"https:\/\/www.europesays.com\/se\/wp-json\/wp\/v2\/posts"}],"about":[{"href":"https:\/\/www.europesays.com\/se\/wp-json\/wp\/v2\/types\/post"}],"author":[{"embeddable":true,"href":"https:\/\/www.europesays.com\/se\/wp-json\/wp\/v2\/users\/2"}],"replies":[{"embeddable":true,"href":"https:\/\/www.europesays.com\/se\/wp-json\/wp\/v2\/comments?post=88792"}],"version-history":[{"count":0,"href":"https:\/\/www.europesays.com\/se\/wp-json\/wp\/v2\/posts\/88792\/revisions"}],"wp:featuredmedia":[{"embeddable":true,"href":"https:\/\/www.europesays.com\/se\/wp-json\/wp\/v2\/media\/88793"}],"wp:attachment":[{"href":"https:\/\/www.europesays.com\/se\/wp-json\/wp\/v2\/media?parent=88792"}],"wp:term":[{"taxonomy":"category","embeddable":true,"href":"https:\/\/www.europesays.com\/se\/wp-json\/wp\/v2\/categories?post=88792"},{"taxonomy":"post_tag","embeddable":true,"href":"https:\/\/www.europesays.com\/se\/wp-json\/wp\/v2\/tags?post=88792"}],"curies":[{"name":"wp","href":"https:\/\/api.w.org\/{rel}","templated":true}]}}