{"id":88826,"date":"2025-11-24T19:55:12","date_gmt":"2025-11-24T19:55:12","guid":{"rendered":"https:\/\/www.europesays.com\/se\/88826\/"},"modified":"2025-11-24T19:55:12","modified_gmt":"2025-11-24T19:55:12","slug":"65-turister-strandsatta-pa-o-i-antarktis-flera-svenskar","status":"publish","type":"post","link":"https:\/\/www.europesays.com\/se\/88826\/","title":{"rendered":"65 turister strandsatta p\u00e5 \u00f6 i Antarktis \u2013 flera svenskar"},"content":{"rendered":"<p><a data-test-tag=\"internal-link\" href=\"https:\/\/www.aftonbladet.se\/av\/nora-fernstedt\" class=\"hyperion-css-13ns1rr\" rel=\"nofollow noopener\" target=\"\" aria-label=\"Se alla artiklar av Nora Fernstedt\"><img decoding=\"async\" class=\"image-asset hyperion-css-n6kkq1\" data-test-tag=\"image-asset\" src=\"https:\/\/www.europesays.com\/se\/wp-content\/uploads\/2025\/11\/1764014111_196_4898f780-21e5-4fc9-aaf6-8b2690fbf32e\"  alt=\"\"  loading=\"lazy\" fetchpriority=\"auto\" style=\"aspect-ratio:1900 \/ 1900\"\/><\/a><\/p>\n<p class=\"boxtextgrotesk-root_baa6 hyperion-css-7pajle\">Uppdaterad 20.30 | Publicerad 20.04<\/p>\n<p>share-arrowDela<\/p>\n<p>unsaveSpara<\/p>\n<p>expand-left<\/p>\n<p>helsk\u00e4rm<img decoding=\"async\" class=\"image-asset hyperion-css-u06ts1\" data-test-tag=\"image-asset\" src=\"https:\/\/www.europesays.com\/se\/wp-content\/uploads\/2025\/11\/3ac98beb-c439-44f6-9195-f98616c59c2b\"  alt=\"Turisterna blev strandsatta p\u00e5 King George Island.\"  loading=\"eager\" fetchpriority=\"high\" style=\"aspect-ratio:1281 \/ 853\"\/>Turisterna blev strandsatta p\u00e5 King George Island. Foto: AP<\/p>\n<p class=\"hyperion-css-1shl3oz\" data-test-tag=\"lead-text\">65 turister, bland annat flera svenskar, blev strandsatta p\u00e5 King George Island i Antarktis efter ett kraftigt v\u00e4deromslag. <\/p>\n<p class=\"hyperion-css-1shl3oz\" data-test-tag=\"lead-text\">Det bekr\u00e4ftar researrang\u00f6ren Polarquest.<\/p>\n<p class=\"hyperion-css-1shl3oz\" data-test-tag=\"lead-text\">R\u00e4ddningsaktionen p\u00e5gick fortfarande p\u00e5 m\u00e5ndagskv\u00e4llen. <\/p>\n<p class=\"hyperion-css-1v9qo5x\">Det var under en gruppresa till Antarktis som fartyget M\/S Ocean Nova \u00f6verraskades av h\u00e5rt v\u00e4der.<\/p>\n<p class=\"hyperion-css-1v9qo5x\">Gruppen hade \u00e5kt ut med gummib\u00e5tar till \u00f6n King Georges Island p\u00e5 Sydshetlands\u00f6arna .<\/p>\n<p class=\"hyperion-css-1v9qo5x\">\u2013 Ett hastigt v\u00e4deromslag ledde till att b\u00e5de g\u00e4ster, guider och v\u00e5r skeppsl\u00e4kare inte kunde \u00e5terv\u00e4nda p\u00e5 ett s\u00e4kert s\u00e4tt till fartyget, s\u00e4ger Marie Lannborn Barker, vd f\u00f6r Polarquest.<\/p>\n<p class=\"hyperion-css-1v9qo5x\">\u2013 Det bed\u00f6mdes att det var s\u00e4krare att stanna kvar p\u00e5 land till v\u00e4derf\u00f6rh\u00e5llandena f\u00f6rb\u00e4ttrats.<\/p>\n<p class=\"hyperion-css-1v9qo5x\">S\u00e4llskapet hade med med sig n\u00f6dutrustning och proviant. Ingen har skadats fysiskt. <\/p>\n<p>expand-left<\/p>\n<p>helsk\u00e4rm<img decoding=\"async\" class=\"image-asset hyperion-css-u06ts1\" data-test-tag=\"image-asset\" src=\"https:\/\/www.europesays.com\/se\/wp-content\/uploads\/2025\/11\/c6dcf934-0ccb-4362-8ca4-9e61982cd3ec\"  alt=\"Fartyget M\/S Ocean Nova har cirkulerat utanf\u00f6r \u00f6n det senaste dygnet.\"  loading=\"eager\" fetchpriority=\"high\" style=\"aspect-ratio:1283 \/ 809\"\/>Fartyget M\/S Ocean Nova har cirkulerat utanf\u00f6r \u00f6n det senaste dygnet. Foto: Marinetraffic\u201d49 av 65 tillbaka\u201d<\/p>\n<p class=\"hyperion-css-1v9qo5x\">\u2013 Under dagen har vi kunnat f\u00e5 land mer proviant fr\u00e5n fartyget, varmt kaffe och ytterligare utrustning. De har tagits om hand om av v\u00e5ra guider som har v\u00e4ldigt mycket kunskap om omr\u00e5det.<\/p>\n<p class=\"hyperion-css-1v9qo5x\">P\u00e5 m\u00e5ndagskv\u00e4llen hade v\u00e4dret f\u00f6rb\u00e4ttrats.<\/p>\n<p class=\"hyperion-css-1v9qo5x\">\u2013 F\u00f6r tio minuter sedan hade 49 av 65 personer kommit tillbaka ombord p\u00e5 fartyget, s\u00e4ger Marie Lannborn Barker.<\/p>\n<p class=\"hyperion-css-1v9qo5x\">Personerna ska ha varit strandade i ett halvt upp till ett dygn.<\/p>\n<p class=\"hyperion-css-1v9qo5x\">I skrivande stund \u00e4r det mellan en och tre minusgrader p\u00e5 platsen och bl\u00e5ser 5 meter\/sekund. Under s\u00f6ndagsdygnet var det sn\u00f6 och upp till 18 meter\/sekund <\/p>\n<p class=\"hyperion-css-1v9qo5x\">Det svenska f\u00f6retaget Polarquest anordnar resor till b\u00e5de Arktis och Antarktis. Den h\u00e4r resan, \u201dDet stora pingvin\u00e4ventyret\u201d b\u00f6rjade den 9 november i staden Ushuaia.<\/p>\n","protected":false},"excerpt":{"rendered":"Uppdaterad 20.30 | Publicerad 20.04 share-arrowDela unsaveSpara expand-left helsk\u00e4rmTuristerna blev strandsatta p\u00e5 King George Island. Foto: AP 65&hellip;\n","protected":false},"author":2,"featured_media":88827,"comment_status":"","ping_status":"","sticky":false,"template":"","format":"standard","meta":{"footnotes":""},"categories":[14],"tags":[22,23,26,27,17,21,24,25,28,29,15,16,18,34,31,33,32,30,19,20,51,52,53,54],"class_list":{"0":"post-88826","1":"post","2":"type-post","3":"status-publish","4":"format-standard","5":"has-post-thumbnail","7":"category-varlden","8":"tag-breaking-news","9":"tag-breakingnews","10":"tag-featured-news","11":"tag-featurednews","12":"tag-headlines","13":"tag-huvudnyheter","14":"tag-latest-news","15":"tag-latestnews","16":"tag-main-news","17":"tag-mainnews","18":"tag-news","19":"tag-nyheter","20":"tag-rubriker","21":"tag-se","22":"tag-svenska","23":"tag-sverige","24":"tag-sweden","25":"tag-swedish","26":"tag-top-stories","27":"tag-topstories","28":"tag-varlden","29":"tag-world","30":"tag-world-news","31":"tag-worldnews"},"share_on_mastodon":{"url":"https:\/\/pubeurope.com\/@se\/115606436435614475","error":""},"_links":{"self":[{"href":"https:\/\/www.europesays.com\/se\/wp-json\/wp\/v2\/posts\/88826","targetHints":{"allow":["GET"]}}],"collection":[{"href":"https:\/\/www.europesays.com\/se\/wp-json\/wp\/v2\/posts"}],"about":[{"href":"https:\/\/www.europesays.com\/se\/wp-json\/wp\/v2\/types\/post"}],"author":[{"embeddable":true,"href":"https:\/\/www.europesays.com\/se\/wp-json\/wp\/v2\/users\/2"}],"replies":[{"embeddable":true,"href":"https:\/\/www.europesays.com\/se\/wp-json\/wp\/v2\/comments?post=88826"}],"version-history":[{"count":0,"href":"https:\/\/www.europesays.com\/se\/wp-json\/wp\/v2\/posts\/88826\/revisions"}],"wp:featuredmedia":[{"embeddable":true,"href":"https:\/\/www.europesays.com\/se\/wp-json\/wp\/v2\/media\/88827"}],"wp:attachment":[{"href":"https:\/\/www.europesays.com\/se\/wp-json\/wp\/v2\/media?parent=88826"}],"wp:term":[{"taxonomy":"category","embeddable":true,"href":"https:\/\/www.europesays.com\/se\/wp-json\/wp\/v2\/categories?post=88826"},{"taxonomy":"post_tag","embeddable":true,"href":"https:\/\/www.europesays.com\/se\/wp-json\/wp\/v2\/tags?post=88826"}],"curies":[{"name":"wp","href":"https:\/\/api.w.org\/{rel}","templated":true}]}}