{"id":88853,"date":"2025-11-24T20:43:14","date_gmt":"2025-11-24T20:43:14","guid":{"rendered":"https:\/\/www.europesays.com\/se\/88853\/"},"modified":"2025-11-24T20:43:14","modified_gmt":"2025-11-24T20:43:14","slug":"christina-fast-pa-on-i-26-timmar-fros-fruktansvart-hela-natten","status":"publish","type":"post","link":"https:\/\/www.europesays.com\/se\/88853\/","title":{"rendered":"Christina fast p\u00e5 \u00f6n i 26 timmar: \u201dFr\u00f6s fruktansv\u00e4rt hela natten\u201d"},"content":{"rendered":"<p><img decoding=\"async\" class=\"image-asset hyperion-css-n6kkq1\" data-test-tag=\"image-asset\" src=\"https:\/\/www.europesays.com\/se\/wp-content\/uploads\/2025\/11\/1764016991_703_4898f780-21e5-4fc9-aaf6-8b2690fbf32e\"  alt=\"\"  loading=\"lazy\" fetchpriority=\"auto\" style=\"aspect-ratio:1900 \/ 1900\"\/><img decoding=\"async\" class=\"image-asset hyperion-css-n6kkq1\" data-test-tag=\"image-asset\" src=\"https:\/\/www.europesays.com\/se\/wp-content\/uploads\/2025\/11\/1764016991_254_40e63808-cfdf-4edd-a8ec-9c54637d26da\"  alt=\"\"  loading=\"lazy\" fetchpriority=\"auto\" style=\"aspect-ratio:1900 \/ 1900\"\/><\/p>\n<p class=\"boxtextgrotesk-root_baa6 hyperion-css-7pajle\">Uppdaterad 21.36 | Publicerad 20.45<\/p>\n<p>share-arrowDela<\/p>\n<p>unsaveSpara<\/p>\n<p>expand-left<\/p>\n<p>helsk\u00e4rm<img decoding=\"async\" class=\"image-asset hyperion-css-u06ts1\" data-test-tag=\"image-asset\" src=\"https:\/\/www.europesays.com\/se\/wp-content\/uploads\/2025\/11\/aaf756ec-5d54-4a00-9e28-07aa48877fb8\"  alt=\"Christina Larsson och hennes maken Mats. \"  loading=\"eager\" fetchpriority=\"high\" style=\"aspect-ratio:1536 \/ 1523\"\/>Christina Larsson och hennes maken Mats. Foto: Privat<\/p>\n<p class=\"hyperion-css-1shl3oz\" data-test-tag=\"lead-text\">65 turister blev strandsatta p\u00e5 King George Island i Antarktis. <\/p>\n<p class=\"hyperion-css-1shl3oz\" data-test-tag=\"lead-text\">En av dem \u00e4r f\u00f6rfattaren Christina Larsson. <\/p>\n<p class=\"hyperion-css-1shl3oz\" data-test-tag=\"lead-text\">\u2013 Vi v\u00e4rmde varandra med kropparna, s\u00e4ger hon. <\/p>\n<p class=\"hyperion-css-1v9qo5x\">Christina Larsson, som till vardags skriver sp\u00e4nnings- och feelgoodromaner, befann sig ombord p\u00e5 fatyget som \u00e4r ute p\u00e5 en tre veckor l\u00e5ng Antarktisresa.<\/p>\n<p class=\"hyperion-css-1v9qo5x\">Hon \u00e4r d\u00e4r f\u00f6r att fira sin 60-\u00e5rsdag. <\/p>\n<p>\u00d6verraskades av storm<\/p>\n<p class=\"hyperion-css-1v9qo5x\">P\u00e5 s\u00f6ndagen \u00e5kte de med gummib\u00e5tar fr\u00e5n fartyget M\/S Ocean Nova f\u00f6r att bes\u00f6ka King George Island. <\/p>\n<p class=\"hyperion-css-1v9qo5x\">\u2013 Vi \u00f6verraskades av en sn\u00f6storm och kunde inte l\u00e4mna \u00f6n med zodiakarna och \u00e5ka tillbaka till Expeditionsb\u00e5ten. Det bl\u00e5ste 20 sekundmeter och 25-30 i byarna. N\u00e5gra blev rej\u00e4lt bl\u00f6ta i den stora v\u00e5gorna vid landstigningen, s\u00e4ger Larsson.<\/p>\n<p>expand-left<\/p>\n<p>helsk\u00e4rm<img decoding=\"async\" class=\"image-asset hyperion-css-u06ts1\" data-test-tag=\"image-asset\" src=\"https:\/\/www.europesays.com\/se\/wp-content\/uploads\/2025\/11\/44616599-7c7b-4356-838e-1e7f369e34f7\"  alt=\"H\u00e5rt v\u00e4der v\u00e4ntade paret. \"  loading=\"eager\" fetchpriority=\"high\" style=\"aspect-ratio:1524 \/ 1002\"\/>H\u00e5rt v\u00e4der v\u00e4ntade paret. Foto: Privat<\/p>\n<p class=\"hyperion-css-1v9qo5x\">\u2013 Det fanns viss \u00f6verlevnadsutrustning med i b\u00e5tarna som vindskydd, aluminiumfiltar och sops\u00e4ckar som vi virade in oss i. N\u00e5gra av oss h\u00f6ll tv\u00e5 vindskydd mot varandra i bl\u00e5sten d\u00e4r vi stod hela natten. Vi v\u00e4rmde varandra med kropparna. <\/p>\n<p class=\"hyperion-css-1v9qo5x\">Hon ber\u00e4ttar att de steg i land p\u00e5 \u00f6n klockan 11.00 p\u00e5 s\u00f6ndagen. <\/p>\n<p class=\"hyperion-css-1v9qo5x\">\u2013 N\u00e4stan omedelbart best\u00e4mde expeditionsledaren att vi skulle evakuera, men d\u00e5 var det f\u00f6rsent. Vinden hade tilltagit och v\u00e5gorna h\u00f6ga och kraftiga. <\/p>\n<p>chevron-leftf\u00f6reg\u00e5ende<\/p>\n<ul class=\"carousel-container-viewport\" style=\"transform:translate3d(0%, 0, 0)\">\n<li class=\"carousel-slide\" style=\"z-index:1;filter:none(1);padding-bottom:100%\"><img decoding=\"async\" class=\"image-asset hyperion-css-u06ts1\" data-test-tag=\"image-asset\" src=\"https:\/\/www.europesays.com\/se\/wp-content\/uploads\/2025\/11\/f31384f9-d4dd-4d92-92b5-bf29aef6336d\"  alt=\"\"  fetchpriority=\"auto\" style=\"aspect-ratio:1517 \/ 1530\"\/><\/li>\n<li class=\"carousel-slide\" style=\"filter:none(0.3);padding-bottom:100%\"><img decoding=\"async\" class=\"image-asset hyperion-css-u06ts1\" data-test-tag=\"image-asset\" src=\"https:\/\/www.europesays.com\/se\/wp-content\/uploads\/2025\/11\/072f19f5-43a9-4602-b91e-95ff71394d66\"  alt=\"\"  fetchpriority=\"auto\" style=\"aspect-ratio:1900 \/ 1448\"\/><\/li>\n<\/ul>\n<p>expand-left<\/p>\n<p>helsk\u00e4rmchevron-rightn\u00e4staChristina Larsson i en vindt\u00e4t s\u00e4ck.<\/p>\n<p>1 \/ 2Foto: Privat<\/p>\n<p class=\"hyperion-css-1v9qo5x\">P\u00e5 morgonen, klockan 08, s\u00e5 kom en zodiak, en slags gummib\u00e5t, fr\u00e5n expeditionsb\u00e5ten i land med kaffe, kakor, sovs\u00e4ckar och termos\u00e4ckar. <\/p>\n<p>\u201dFr\u00f6s fruktansv\u00e4rt\u201d<\/p>\n<p class=\"hyperion-css-1v9qo5x\">\u2013 F\u00f6rst klockan 14 var v\u00e4dret tillr\u00e4ckligt bra och vi kunde \u00e5terv\u00e4nda till expeditionsb\u00e5ten. Guiderna tog fantastisk hand om oss. Jag fr\u00f6s fruktansv\u00e4rt hela natten. Efter 26 timmar p\u00e5 \u00f6n i sn\u00f6storm med otillr\u00e4ckligt utrustning var vi tillbaka, kalla och \u00f6verlyckliga!<\/p>\n<p>expand-left<\/p>\n<p>helsk\u00e4rm<img decoding=\"async\" class=\"image-asset hyperion-css-u06ts1\" data-test-tag=\"image-asset\" src=\"https:\/\/www.europesays.com\/se\/wp-content\/uploads\/2025\/11\/f11a0156-60e6-4015-acae-e162146ff7b4\"  alt=\"Christina Larsson ber\u00e4ttar att hon fr\u00f6s fruktansv\u00e4rt hela natten.\"  loading=\"eager\" fetchpriority=\"high\" style=\"aspect-ratio:1536 \/ 2048\"\/>Christina Larsson ber\u00e4ttar att hon fr\u00f6s fruktansv\u00e4rt hela natten. Foto: PrivatSvenskt resef\u00f6retag<\/p>\n<p class=\"hyperion-css-1v9qo5x\">Det var under en gruppresa till <a data-test-tag=\"internal-link\" href=\"https:\/\/www.aftonbladet.se\/tagg\/antarktis\" class=\"hyperion-css-15jkft9\" rel=\"nofollow noopener\" target=\"\" aria-label=\"Antarktis\">Antarktis<\/a> med den svenska researrang\u00f6ren Polarquest som fartyget M\/S Ocean Nova \u00f6verraskades av h\u00e5rt v\u00e4der.<\/p>\n<p class=\"hyperion-css-1v9qo5x\">65 turister, flera guider och skeppsl\u00e4karen hade \u00e5kt ut till King George Island med gummib\u00e5tar. Men en storm gjorde att de inte kunde ta sig tillbaka.<\/p>\n<p class=\"hyperion-css-1v9qo5x\">Enligt Polarquests vd Marie Lannborn Barker bed\u00f6mdes det s\u00e4krare f\u00f6r gruppen att stanna p\u00e5 \u00f6n. P\u00e5 m\u00e5ndagskv\u00e4llen vid 20-tiden hade 49 av 65 personer kommit tillbaka p\u00e5 fartyget.<\/p>\n<p>expand-left<\/p>\n<p>helsk\u00e4rm<img decoding=\"async\" class=\"image-asset hyperion-css-u06ts1\" data-test-tag=\"image-asset\" src=\"https:\/\/www.europesays.com\/se\/wp-content\/uploads\/2025\/11\/5878885d-d30c-418e-befc-285c7754ef1a\"  alt=\"Christina firar sin 60-\u00e5rsdag p\u00e5 resan. \"  loading=\"eager\" fetchpriority=\"high\" style=\"aspect-ratio:651 \/ 860\"\/>Christina firar sin 60-\u00e5rsdag p\u00e5 resan. Foto: Sk\u00e4rmdump\/Instagram<\/p>\n","protected":false},"excerpt":{"rendered":"Uppdaterad 21.36 | Publicerad 20.45 share-arrowDela unsaveSpara expand-left helsk\u00e4rmChristina Larsson och hennes maken Mats. Foto: Privat 65 turister&hellip;\n","protected":false},"author":2,"featured_media":88854,"comment_status":"","ping_status":"","sticky":false,"template":"","format":"standard","meta":{"footnotes":""},"categories":[14],"tags":[22,23,26,27,17,21,24,25,28,29,15,16,18,34,31,33,32,30,19,20,51,52,53,54],"class_list":{"0":"post-88853","1":"post","2":"type-post","3":"status-publish","4":"format-standard","5":"has-post-thumbnail","7":"category-varlden","8":"tag-breaking-news","9":"tag-breakingnews","10":"tag-featured-news","11":"tag-featurednews","12":"tag-headlines","13":"tag-huvudnyheter","14":"tag-latest-news","15":"tag-latestnews","16":"tag-main-news","17":"tag-mainnews","18":"tag-news","19":"tag-nyheter","20":"tag-rubriker","21":"tag-se","22":"tag-svenska","23":"tag-sverige","24":"tag-sweden","25":"tag-swedish","26":"tag-top-stories","27":"tag-topstories","28":"tag-varlden","29":"tag-world","30":"tag-world-news","31":"tag-worldnews"},"share_on_mastodon":{"url":"https:\/\/pubeurope.com\/@se\/115606625393143826","error":""},"_links":{"self":[{"href":"https:\/\/www.europesays.com\/se\/wp-json\/wp\/v2\/posts\/88853","targetHints":{"allow":["GET"]}}],"collection":[{"href":"https:\/\/www.europesays.com\/se\/wp-json\/wp\/v2\/posts"}],"about":[{"href":"https:\/\/www.europesays.com\/se\/wp-json\/wp\/v2\/types\/post"}],"author":[{"embeddable":true,"href":"https:\/\/www.europesays.com\/se\/wp-json\/wp\/v2\/users\/2"}],"replies":[{"embeddable":true,"href":"https:\/\/www.europesays.com\/se\/wp-json\/wp\/v2\/comments?post=88853"}],"version-history":[{"count":0,"href":"https:\/\/www.europesays.com\/se\/wp-json\/wp\/v2\/posts\/88853\/revisions"}],"wp:featuredmedia":[{"embeddable":true,"href":"https:\/\/www.europesays.com\/se\/wp-json\/wp\/v2\/media\/88854"}],"wp:attachment":[{"href":"https:\/\/www.europesays.com\/se\/wp-json\/wp\/v2\/media?parent=88853"}],"wp:term":[{"taxonomy":"category","embeddable":true,"href":"https:\/\/www.europesays.com\/se\/wp-json\/wp\/v2\/categories?post=88853"},{"taxonomy":"post_tag","embeddable":true,"href":"https:\/\/www.europesays.com\/se\/wp-json\/wp\/v2\/tags?post=88853"}],"curies":[{"name":"wp","href":"https:\/\/api.w.org\/{rel}","templated":true}]}}