{"id":88882,"date":"2025-11-24T22:07:11","date_gmt":"2025-11-24T22:07:11","guid":{"rendered":"https:\/\/www.europesays.com\/se\/88882\/"},"modified":"2025-11-24T22:07:11","modified_gmt":"2025-11-24T22:07:11","slug":"modo-nara-att-forlanga-med-sportchefen-henrik-gradin","status":"publish","type":"post","link":"https:\/\/www.europesays.com\/se\/88882\/","title":{"rendered":"MoDo n\u00e4ra att f\u00f6rl\u00e4nga med sportchefen Henrik Gradin"},"content":{"rendered":"<p><strong>MoDo \u00e4r n\u00e4ra att utnyttja klasulen som f\u00f6rl\u00e4nger Henrik Gradins kontrakt.<br \/>Detta enligt uppgifter fr\u00e5n <a href=\"https:\/\/www.expressen.se\/sport\/hockey\/hockeyallsvenskan\/avslojar-henrik-gradin-och-modo-narmar-sig-varandra\/\" rel=\"nofollow noopener\" target=\"_blank\">Expressen<\/a>. <br \/>\u2013\u00a0Vi har f\u00f6rs\u00f6kt g\u00f6ra allt i r\u00e4tt \u00e4nde fr\u00e5n b\u00e4gges sidor. Vi har inte diskuterat klart alla detaljer i avtalet, utan det har varit mer fokus p\u00e5 riktning, m\u00e5ls\u00e4ttning och kravbilder, ber\u00e4ttar Gradin f\u00f6r tidningen.<\/strong><\/p>\n<p><img loading=\"lazy\" decoding=\"async\" width=\"1024\" height=\"682\" src=\"https:\/\/www.europesays.com\/se\/wp-content\/uploads\/2025\/11\/BB230804BB467-1024x682.webp.webp\" alt=\"\" class=\"wp-image-329468\"  \/>Modos sportchef Henrik Gradin poserar f\u00f6r ett portr\u00e4tt den 4 augusti 2023 i \u00d6rnsk\u00f6ldsvik.<br \/>Foto: Jonas Forsberg \/ BILDBYR\u00c5N \/ COP 71 \/  \/ www.jfp.se<\/p>\n<p><a href=\"https:\/\/hockeysverige.se\/klubb\/modo-hockey\" rel=\"nofollow noopener\" target=\"_blank\">MoDos<\/a> s\u00e4songsstart i <a href=\"https:\/\/hockeysverige.se\/hockeyallsvenskan\" rel=\"nofollow noopener\" target=\"_blank\">Hockeyallsvenskan<\/a> har varit allt annat \u00e4n \u00f6vertygande. Men laget sl\u00e5ss i toppen som v\u00e4ntat \u00e4nd\u00e5. Men eftersom det b\u00f6rjar n\u00e4rma sig slutet av november, s\u00e5 har en viktig framtidsfr\u00e5ga kommit upp p\u00e5 tapeten.<\/p>\n<p>Som bekant f\u00f6r m\u00e5nga, sitter sportchefen Henrik Gradin p\u00e5 ett utg\u00e5ende avtal. Ett avtal som beh\u00f6ver f\u00f6rl\u00e4ngas innan november m\u00e5nads slut f\u00f6r att g\u00e4lla \u00f6ver n\u00e4sta \u00e5r.<\/p>\n<p>Duons framtid har varit uppe f\u00f6r diskussion<\/p>\n<p>Som <a href=\"https:\/\/www.expressen.se\/sport\/hockey\/hockeyallsvenskan\/avslojar-henrik-gradin-och-modo-narmar-sig-varandra\/\" rel=\"nofollow noopener\" target=\"_blank\">Expressen<\/a> rapporterade tidigare i dag, n\u00e4rmar sig en l\u00f6sning mellan klubben och sportchefen. Han v\u00e4ntas bli kvar \u00e5tminstone \u00f6ver n\u00e4sta s\u00e4song. Liknande uppgifter har n\u00e5tt Hockeysverige.se. <\/p>\n<p>\u2013\u00a0Vi har f\u00f6rs\u00f6kt g\u00f6ra allt i r\u00e4tt \u00e4nde fr\u00e5n b\u00e4gges sidor. Vi har inte diskuterat klart alla detaljer i avtalet, utan det har varit mer fokus p\u00e5 riktning, m\u00e5ls\u00e4ttning och kravbilder, ber\u00e4ttar Gradin f\u00f6r Expressen.<\/p>\n<p>Enligt Hockeysveriges uppgifter har framtiden f\u00f6r Henrik Gradin och tr\u00e4naren Mattias Karlin diskuterats under h\u00f6sten. B\u00e5da sitter p\u00e5 utg\u00e5ende avtal och efter att man \u00e5kt ur <a href=\"https:\/\/hockeysverige.se\/shl\" rel=\"nofollow noopener\" target=\"_blank\">SHL<\/a> i v\u00e5ras och f\u00e5tt en n\u00e5got underm\u00e5lig start p\u00e5 Hockeyallsvenskan, verkar man nu ha tagit ett beslut kring \u201dHinken\u201d.<\/p>\n","protected":false},"excerpt":{"rendered":"MoDo \u00e4r n\u00e4ra att utnyttja klasulen som f\u00f6rl\u00e4nger Henrik Gradins kontrakt.Detta enligt uppgifter fr\u00e5n Expressen. \u2013\u00a0Vi har f\u00f6rs\u00f6kt&hellip;\n","protected":false},"author":2,"featured_media":88883,"comment_status":"","ping_status":"","sticky":false,"template":"","format":"standard","meta":{"footnotes":""},"categories":[68],"tags":[621,34,133,111,110,31,33,32,30],"class_list":{"0":"post-88882","1":"post","2":"type-post","3":"status-publish","4":"format-standard","5":"has-post-thumbnail","7":"category-sport","8":"tag-hockeyallsvenskan","9":"tag-se","10":"tag-second-news","11":"tag-sport","12":"tag-sports","13":"tag-svenska","14":"tag-sverige","15":"tag-sweden","16":"tag-swedish"},"share_on_mastodon":{"url":"https:\/\/pubeurope.com\/@se\/115606955326826968","error":""},"_links":{"self":[{"href":"https:\/\/www.europesays.com\/se\/wp-json\/wp\/v2\/posts\/88882","targetHints":{"allow":["GET"]}}],"collection":[{"href":"https:\/\/www.europesays.com\/se\/wp-json\/wp\/v2\/posts"}],"about":[{"href":"https:\/\/www.europesays.com\/se\/wp-json\/wp\/v2\/types\/post"}],"author":[{"embeddable":true,"href":"https:\/\/www.europesays.com\/se\/wp-json\/wp\/v2\/users\/2"}],"replies":[{"embeddable":true,"href":"https:\/\/www.europesays.com\/se\/wp-json\/wp\/v2\/comments?post=88882"}],"version-history":[{"count":0,"href":"https:\/\/www.europesays.com\/se\/wp-json\/wp\/v2\/posts\/88882\/revisions"}],"wp:featuredmedia":[{"embeddable":true,"href":"https:\/\/www.europesays.com\/se\/wp-json\/wp\/v2\/media\/88883"}],"wp:attachment":[{"href":"https:\/\/www.europesays.com\/se\/wp-json\/wp\/v2\/media?parent=88882"}],"wp:term":[{"taxonomy":"category","embeddable":true,"href":"https:\/\/www.europesays.com\/se\/wp-json\/wp\/v2\/categories?post=88882"},{"taxonomy":"post_tag","embeddable":true,"href":"https:\/\/www.europesays.com\/se\/wp-json\/wp\/v2\/tags?post=88882"}],"curies":[{"name":"wp","href":"https:\/\/api.w.org\/{rel}","templated":true}]}}