{"id":88886,"date":"2025-11-24T22:11:10","date_gmt":"2025-11-24T22:11:10","guid":{"rendered":"https:\/\/www.europesays.com\/se\/88886\/"},"modified":"2025-11-24T22:11:10","modified_gmt":"2025-11-24T22:11:10","slug":"svenskar-blev-strandsatta-pa-o-i-antarktis","status":"publish","type":"post","link":"https:\/\/www.europesays.com\/se\/88886\/","title":{"rendered":"Svenskar blev strandsatta p\u00e5 \u00f6 i Antarktis"},"content":{"rendered":"<p>Publicerad 24 nov 2025 kl 20.01Uppdaterad kl 21.57<\/p>\n<p>Ett snabbt v\u00e4deromslag ledde till att en grupp p\u00e5 65 resen\u00e4rer, varav flera svenska, blev fast p\u00e5 King George Island i Antarktis.<\/p>\n<p>P\u00e5 m\u00e5ndagskv\u00e4llen \u00e4r alla ombord p\u00e5 sitt fartyg igen.<\/p>\n<p>\u2013 Ingen har kommit till fysisk skada enligt v\u00e5ra rapporter, s\u00e4ger Marie Lannborn Barker, vd p\u00e5 f\u00f6retaget Polarquest som arrangerar resan.\u00a0<\/p>\n<p>Enligt passagerare ombord ska flera ha f\u00e5tt k\u00f6ldskador.<\/p>\n<p><img   alt=\"\"\/><\/p>\n<p>Fartyget, M\/S Ocean Nova, fick ligga kvar ute till havs.<\/p>\n<p>Foto: PolarQuest \/ PolarQuest<\/p>\n<p>\u00d6ppna bild i helsk\u00e4rm<img loading=\"lazy\"   alt=\"\"\/><\/p>\n<p>Resen\u00e4rerna blev strandsatta p\u00e5 King George Island i Antarktis.<\/p>\n<p>Foto: Jorge Saenz \/ TT NYHETSBYR\u00c5N<\/p>\n<p>\u00d6ppna bild i helsk\u00e4rm<\/p>\n<p>Ut\u00f6ver resen\u00e4rerna var det ett antal guider och en skeppsl\u00e4kare som blev strandsatta p\u00e5 King George Island, tolv mil fr\u00e5n det antarktiska fastlandet, p\u00e5 grund av h\u00e5rt v\u00e4der under s\u00f6ndagen. De hade \u00e5kt i land med sm\u00e5 b\u00e5tar fr\u00e5n fartyget M\/S Ocean Nova, som l\u00e5g kvar ute till havs.\u00a0<\/p>\n<p>\u2013 De kunde inte \u00e5terv\u00e4nda till fartyget p\u00e5 ett s\u00e4kert s\u00e4tt. Det var s\u00e4krare att vara kvar i land, s\u00e4ger Marie Lannborn Barker.<\/p>\n<p>Enligt henne hade man med sig n\u00f6dutrustning.\u00a0<\/p>\n<p>\u2013 Under morgonen kunde vi ocks\u00e5 f\u00e5 mer proviant i land till g\u00e4sterna.\u00a0<\/p>\n<p>P\u00e5 m\u00e5ndagen har v\u00e4derl\u00e4get f\u00f6rb\u00e4ttrats.<\/p>\n<p>\u2013 G\u00e4sterna transporteras nu tillbaka till fartyget. F\u00f6r fem minuter sen var 49 av 65 personer tillbaka ombord och vi r\u00e4knar med att det \u00e4r klart inom kort, s\u00e4ger Marie Lannborn Barker vid 20-tiden p\u00e5 m\u00e5ndagskv\u00e4llen.<\/p>\n<p>\u201dV\u00e4rme, mat och vila\u201d<\/p>\n<p>Ingen ska vara fysiskt skadad enligt Marie Lannborn Barker, men hon vet inte hur sv\u00e5ra f\u00f6rh\u00e5llandena har varit p\u00e5 \u00f6n. Enligt v\u00e4dertj\u00e4nster var det sn\u00f6fall och vindar p\u00e5 cirka 18 meter per sekund p\u00e5 King George Island under s\u00f6ndagsdygnet.<\/p>\n<p>Expressen har varit i kontakt med en anh\u00f6rig till svenska resen\u00e4rer ombord p\u00e5 fartyget. Enligt personen ska flera passagerare ha f\u00e5tt k\u00f6ldskador och somliga ska ha hamnat i det iskalla vattnet under r\u00e4ddningsaktionen.<\/p>\n<p>Enligt personer ombord p\u00e5 b\u00e5ten ska n\u00f6dutrustningen inte ha varit tillr\u00e4cklig och n\u00f6dt\u00e4lt ska ha saknat golv.<\/p>\n<p>\u2013 Vi har ingen mer information. Nu \u00e4r v\u00e5rt fokus att ta hand om g\u00e4sterna med mycket v\u00e4rme, mat och vila, s\u00e4ger Marie Lannborn Barker.<\/p>\n<p>Vid 21-tiden uppger hon att alla \u00e4r ombord och att det serveras middag.<\/p>\n<p>\u2013 Vi har ju en l\u00e4kare ombord s\u00e5 alla kommer att bli ordentligt uppf\u00f6ljda.<\/p>\n<p>Polarquest \u00e4r ett svenskt f\u00f6retag som arrangerar resor till Arktis och <a href=\"https:\/\/www.expressen.se\/tagg\/location\/antarktis\/\" class=\"\" rel=\"nofollow noopener\" target=\"_blank\">Antarktis<\/a>. Den h\u00e4r resan b\u00f6rjade den 9 november i den argentinska hamnstaden Ushuaia. Enligt plan ska man \u00e5terv\u00e4nda dit den 29 november.<\/p>\n","protected":false},"excerpt":{"rendered":"Publicerad 24 nov 2025 kl 20.01Uppdaterad kl 21.57 Ett snabbt v\u00e4deromslag ledde till att en grupp p\u00e5 65&hellip;\n","protected":false},"author":2,"featured_media":88887,"comment_status":"","ping_status":"","sticky":false,"template":"","format":"standard","meta":{"footnotes":""},"categories":[14],"tags":[22,23,26,27,17,21,24,25,9852,28,29,15,16,18,34,154,31,33,32,30,19,764,20,51,52,53,54],"class_list":{"0":"post-88886","1":"post","2":"type-post","3":"status-publish","4":"format-standard","5":"has-post-thumbnail","7":"category-varlden","8":"tag-breaking-news","9":"tag-breakingnews","10":"tag-featured-news","11":"tag-featurednews","12":"tag-headlines","13":"tag-huvudnyheter","14":"tag-latest-news","15":"tag-latestnews","16":"tag-location-antarktis","17":"tag-main-news","18":"tag-mainnews","19":"tag-news","20":"tag-nyheter","21":"tag-rubriker","22":"tag-se","23":"tag-sections-sverige","24":"tag-svenska","25":"tag-sverige","26":"tag-sweden","27":"tag-swedish","28":"tag-top-stories","29":"tag-topic-olycksfall","30":"tag-topstories","31":"tag-varlden","32":"tag-world","33":"tag-world-news","34":"tag-worldnews"},"share_on_mastodon":{"url":"https:\/\/pubeurope.com\/@se\/115606970920365155","error":""},"_links":{"self":[{"href":"https:\/\/www.europesays.com\/se\/wp-json\/wp\/v2\/posts\/88886","targetHints":{"allow":["GET"]}}],"collection":[{"href":"https:\/\/www.europesays.com\/se\/wp-json\/wp\/v2\/posts"}],"about":[{"href":"https:\/\/www.europesays.com\/se\/wp-json\/wp\/v2\/types\/post"}],"author":[{"embeddable":true,"href":"https:\/\/www.europesays.com\/se\/wp-json\/wp\/v2\/users\/2"}],"replies":[{"embeddable":true,"href":"https:\/\/www.europesays.com\/se\/wp-json\/wp\/v2\/comments?post=88886"}],"version-history":[{"count":0,"href":"https:\/\/www.europesays.com\/se\/wp-json\/wp\/v2\/posts\/88886\/revisions"}],"wp:featuredmedia":[{"embeddable":true,"href":"https:\/\/www.europesays.com\/se\/wp-json\/wp\/v2\/media\/88887"}],"wp:attachment":[{"href":"https:\/\/www.europesays.com\/se\/wp-json\/wp\/v2\/media?parent=88886"}],"wp:term":[{"taxonomy":"category","embeddable":true,"href":"https:\/\/www.europesays.com\/se\/wp-json\/wp\/v2\/categories?post=88886"},{"taxonomy":"post_tag","embeddable":true,"href":"https:\/\/www.europesays.com\/se\/wp-json\/wp\/v2\/tags?post=88886"}],"curies":[{"name":"wp","href":"https:\/\/api.w.org\/{rel}","templated":true}]}}