{"id":88888,"date":"2025-11-24T22:13:10","date_gmt":"2025-11-24T22:13:10","guid":{"rendered":"https:\/\/www.europesays.com\/se\/88888\/"},"modified":"2025-11-24T22:13:10","modified_gmt":"2025-11-24T22:13:10","slug":"erkanner-lim-aktionen-pa-nationalmuseum-men-nekar-till-brott","status":"publish","type":"post","link":"https:\/\/www.europesays.com\/se\/88888\/","title":{"rendered":"Erk\u00e4nner lim-aktionen p\u00e5 Nationalmuseum \u2013 men nekar till brott"},"content":{"rendered":"<p style=\"font-weight: 400;\">P\u00e5 m\u00e5ndagen h\u00f6lls r\u00e4tteg\u00e5ngen om klimataktionen p\u00e5 Nationalmuseum 2023 i Stockholms tingsr\u00e4tt, ett m\u00e5l som \u00e5klagare Lucas Eriksson <a href=\"https:\/\/magasink.se\/2025\/05\/sex-atalas-for-aktion-pa-nationalmuseum\/\" target=\"_blank\" rel=\"noopener nofollow\">tidigare beskrivit f\u00f6r Magasin K<\/a> som unikt f\u00f6r Sverige.<\/p>\n<p style=\"font-weight: 400;\">Tv\u00e5 kvinnor doppade h\u00e4nderna i f\u00e4rg och limmade sedan fast sig p\u00e5 skyddsglaset till Claude Monets m\u00e5lning Konstn\u00e4rens tr\u00e4dg\u00e5rd i Giverny, ett verk som Nationalmuseum l\u00e5nat fr\u00e5n Mus\u00e9e d\u2019Orsay i Paris till utst\u00e4llningen Tr\u00e4dg\u00e5rden \u2013 konst och natur under sex sekel. Aktionen stoppades snabbt av vakter p\u00e5 plats.<\/p>\n<p style=\"font-weight: 400;\">Totalt st\u00e5r sex aktivister, tre kvinnor och tre m\u00e4n, \u00e5talade f\u00f6r skadeg\u00f6relse f\u00f6r att gemensamt ha planerat och genomf\u00f6rt aktionen som enligt \u00e5talet lett till behov av restaurering. Sj\u00e4lva tavlan skadades inte, men ramen fick en kvarst\u00e5ende mindre fl\u00e4ck.<\/p>\n<p style=\"font-weight: 400;\">Flera aktivister fr\u00e5n organisationen \u00c5terst\u00e4ll v\u00e5tmarker fyllde \u00e5h\u00f6rarplatserna.<\/p>\n<p style=\"font-weight: 400;\">\u2013 Det spelar ingen roll hur det g\u00e5r, vi kommer ju forts\u00e4tta \u00e4nd\u00e5, sade en av dem innan f\u00f6rhandlingen b\u00f6rjade.<\/p>\n<p style=\"font-weight: 400;\">Representanter fr\u00e5n Nationalmuseum deltog inte p\u00e5 plats i r\u00e4tten, utan f\u00f6retr\u00e4ddes av \u00e5klagaren.<\/p>\n<p style=\"font-weight: 400;\"><strong>Samtliga sex erk\u00e4nde sin medverkan men<\/strong> nekar till brott. De menar att de b\u00f6r frias d\u00e5 de agerat av n\u00f6d p\u00e5 grund av klimathotet \u2013 samt att aktionen b\u00f6r omfattas av demonstrationsfrihet.<\/p>\n<p style=\"font-weight: 400;\">R\u00e4tteg\u00e5ngen inleddes med en genomg\u00e5ng av klimatkrisen och konsekvenserna av torrlagda v\u00e5tmarker.<\/p>\n<p style=\"font-weight: 400;\">F\u00f6rsvaret h\u00e4nvisade \u00e5terkommande till H\u00f6gsta <a href=\"https:\/\/www.svt.se\/nyheter\/lokalt\/stockholm\/hogsta-domstolen-meddelar-dom-mot-aktivisterna-som-blockerade-e4an-svt-reder-ut?utm_source=chatgpt.com\" target=\"_blank\" rel=\"noopener nofollow\">domstolens dom om motorv\u00e4gsblockaden<\/a>, d\u00e5 \u00c5terst\u00e4ll v\u00e5tmarkerna-aktivister 2022 blockerade trafiken p\u00e5 E4:an.<\/p>\n<p style=\"font-weight: 400;\">Aktivisterna friades fr\u00e5n sabotage d\u00e5 HD slog fast att st\u00f6rningar som sker i demonstrationssyfte m\u00e5ste v\u00e4gas mot demonstrations- och yttrandefriheten. Domen visar enligt flera av advokaterna p\u00e5 plats att aktioner som upplevs som st\u00f6rande kan falla inom ramen f\u00f6r grundlagsskyddad protest \u2014 n\u00e5got de menade borde g\u00e4lla \u00e4ven h\u00e4r.<\/p>\n<p style=\"font-weight: 400;\">\u2013 Man har gjort det h\u00e4r f\u00f6r att v\u00e4cka uppm\u00e4rksamhet och skapa opinion i ett akut l\u00e4ge. Man har inte haft upps\u00e5t att skada utan agerat inom ramen f\u00f6r demonstrationsfrihet och med h\u00e4nvisning till r\u00e5dande klimatkris agerat i n\u00f6d, sade advokat Sebastian de Ciutiis som f\u00f6retr\u00e4dde en av de \u00e5talade.<\/p>\n<p style=\"font-weight: 400;\">De \u00e5talade beskrev sj\u00e4lva hur de vidtagit en rad f\u00f6rsiktighets\u00e5tg\u00e4rder f\u00f6r att minimera skada: de hade valt ut en m\u00e5lning med skyddsglas, rekognoserat museet flera dagar tidigare och anv\u00e4nt tr\u00f6gflytande f\u00e4rg f\u00f6r att undvika spill.<\/p>\n<p style=\"font-weight: 400;\">En av kvinnorna som limmade fast sig beskrev hur de \u00f6vat hemma i badrummet p\u00e5 att applicera superlim samt f\u00e4rgen \u2013 \u201d\u00e4tbar och ekologisk tempuraf\u00e4rg\u201d \u2013 l\u00e5ngsamt och kontrollerat. Den andra beskrev k\u00e4nslan v\u00e4l p\u00e5 plats n\u00e4r det var dags:<\/p>\n<p style=\"font-weight: 400;\">\u2013 Det k\u00e4ndes h\u00f6gtidligt, \u00e4ven om jag var nerv\u00f6s. Jag k\u00e4nner mig stolt \u00f6ver att jag gjort det h\u00e4r.<\/p>\n<p style=\"font-weight: 400;\"><strong>\u00c5klagaren menade att superlim och f\u00e4rg<\/strong> i sig inneb\u00e4r en uppenbar risk, och yrkade p\u00e5 villkorlig dom och dagsb\u00f6ter f\u00f6r fem av dem, samt ett kortare f\u00e4ngelsestraff f\u00f6r den sj\u00e4tte med h\u00e4nvisning till tidigare domar. Tv\u00e5 av de \u00e5talade sade att de inte skulle acceptera samh\u00e4llstj\u00e4nst vid f\u00e4llande dom \u2013 \u00e4ven om alternativet \u00e4r f\u00e4ngelse.<\/p>\n<p style=\"font-weight: 400;\">\u2013 Min aktivism \u00e4r samh\u00e4llstj\u00e4nst. Jag g\u00f6r det h\u00e4r f\u00f6r att skydda samh\u00e4llet, sade en av dem, som ocks\u00e5 riskerar utvisning.<\/p>\n<p style=\"font-weight: 400;\">De \u00e5talade kr\u00e4vs p\u00e5 skadest\u00e5nd i tv\u00e5 delar, dels 21 319 kronor i restaureringskostnader i form av fakturor som skickats fr\u00e5n museet i Frankrike, som \u00e4ger tavlan. Ut\u00f6ver det yrkas skadest\u00e5nd f\u00f6r en \u201carbetskostnad\u201d p\u00e5 159 830 kronor fr\u00e5n Nationalmuseum \u2013 vilket blev en \u00e5terkommande punkt under r\u00e4tteg\u00e5ngen.<\/p>\n<p style=\"font-weight: 400;\"><strong>F\u00f6rsvaret p\u00e5pekade<\/strong> att museet inte anv\u00e4nt sig av den statliga utst\u00e4llningsgarantin via Riksantikvarie\u00e4mbetet, som kan t\u00e4cka kostnader f\u00f6r skador p\u00e5 f\u00f6rem\u00e5l, och d\u00e4rmed \u201dinte begr\u00e4nsat sina skador\u201d.<\/p>\n<p style=\"font-weight: 400;\">Samtliga fyra advokater \u00e5terkom ocks\u00e5 till brister i ber\u00e4kningen fr\u00e5n museet; ett excel-blad d\u00e4r 19 olika yrkesroller p\u00e5 Nationalmuseum tillsammans beskrivs ha lagt 345 timmar p\u00e5 att hantera tavlan.<\/p>\n<p style=\"font-weight: 400;\">\u2013 Allt fr\u00e5n frontpersonal till utst\u00e4llningskoordinator p\u00e5st\u00e5s ha lagt ned 345 timmar p\u00e5 detta, men vad tiden har anv\u00e4nts till vet man inte. Det har heller inte uppst\u00e5tt n\u00e5gon merkostnad, att man tagit in annan personal, utan det \u00e4r m\u00e5nadsl\u00f6ner f\u00f6r ordinarie anst\u00e4llda som \u00e4nd\u00e5 skulle ha betalats ut. Det \u00e4r inte ett ers\u00e4ttningsgillt skadest\u00e5nd, sade advokat Sofia Bj\u00f6rksten.<\/p>\n<p style=\"font-weight: 400;\">F\u00f6rsvaret noterade ocks\u00e5 att m\u00e5lningen redan var tillbaka p\u00e5 v\u00e4ggen \u2013 tv\u00e5 dagar efter aktionen.<\/p>\n<p style=\"font-weight: 400;\">\u2013 Tavlan tv\u00e4ttades av ordinarie personal och bed\u00f6mdes okej att st\u00e4lla ut igen. Varf\u00f6r det ett \u00e5r senare dyker upp fakturor som ska ge skadest\u00e5ndsansvar \u00e4r oklart. Det \u00e4r hisnande belopp f\u00f6r en liten f\u00e4rgfl\u00e4ck p\u00e5 en ram, som inte syns, sade advokat Sebastian de Ciutiis.<\/p>\n<p style=\"font-weight: 400;\"><strong>\u00c5klagaren Lucas Eriksson<\/strong> uppgav inte n\u00e5gra n\u00e4rmare grunder till ber\u00e4kningen, men sade att kostnaden speglar vad som beh\u00f6vts f\u00f6r att f\u00e5 verket i \u201dutst\u00e4llningsbart skick\u201d.<\/p>\n<p style=\"font-weight: 400;\">Magasin K har s\u00f6kt Nationalmuseum som avb\u00f6jer att kommentera.<\/p>\n<p style=\"font-weight: 400;\">Per Hedstr\u00f6m, d\u00e5 tillf\u00f6rordnad \u00f6verintendent p\u00e5 Nationalmuseum, sade <a href=\"https:\/\/magasink.se\/2023\/06\/kan-forsvara-for-nationalmuseum-att-lana-in-konst\/\" rel=\"nofollow noopener\" target=\"_blank\">till Magasin K <\/a>i juni 2023 att aktionen skulle kunna f\u00e5 negativ p\u00e5verkan p\u00e5 museets m\u00f6jligheter att l\u00e5na konst i framtiden.<\/p>\n<p style=\"font-weight: 400;\">\u2013 Det kan p\u00e5verka inte bara oss, utan alla museer som visar konst som har betydande kulturhistoriskt v\u00e4rde, sade han d\u00e5.<\/p>\n<p style=\"font-weight: 400;\">Domen v\u00e4ntas om 14 dagar.<\/p>\n","protected":false},"excerpt":{"rendered":"P\u00e5 m\u00e5ndagen h\u00f6lls r\u00e4tteg\u00e5ngen om klimataktionen p\u00e5 Nationalmuseum 2023 i Stockholms tingsr\u00e4tt, ett m\u00e5l som \u00e5klagare Lucas Eriksson&hellip;\n","protected":false},"author":2,"featured_media":88889,"comment_status":"","ping_status":"","sticky":false,"template":"","format":"standard","meta":{"footnotes":""},"categories":[5],"tags":[22,23,26,27,17,21,24,25,28,29,5586,15,16,18,34,31,33,32,30,19,20],"class_list":{"0":"post-88888","1":"post","2":"type-post","3":"status-publish","4":"format-standard","5":"has-post-thumbnail","7":"category-rubriker","8":"tag-breaking-news","9":"tag-breakingnews","10":"tag-featured-news","11":"tag-featurednews","12":"tag-headlines","13":"tag-huvudnyheter","14":"tag-latest-news","15":"tag-latestnews","16":"tag-main-news","17":"tag-mainnews","18":"tag-museer","19":"tag-news","20":"tag-nyheter","21":"tag-rubriker","22":"tag-se","23":"tag-svenska","24":"tag-sverige","25":"tag-sweden","26":"tag-swedish","27":"tag-top-stories","28":"tag-topstories"},"share_on_mastodon":{"url":"https:\/\/pubeurope.com\/@se\/115606978821450387","error":""},"_links":{"self":[{"href":"https:\/\/www.europesays.com\/se\/wp-json\/wp\/v2\/posts\/88888","targetHints":{"allow":["GET"]}}],"collection":[{"href":"https:\/\/www.europesays.com\/se\/wp-json\/wp\/v2\/posts"}],"about":[{"href":"https:\/\/www.europesays.com\/se\/wp-json\/wp\/v2\/types\/post"}],"author":[{"embeddable":true,"href":"https:\/\/www.europesays.com\/se\/wp-json\/wp\/v2\/users\/2"}],"replies":[{"embeddable":true,"href":"https:\/\/www.europesays.com\/se\/wp-json\/wp\/v2\/comments?post=88888"}],"version-history":[{"count":0,"href":"https:\/\/www.europesays.com\/se\/wp-json\/wp\/v2\/posts\/88888\/revisions"}],"wp:featuredmedia":[{"embeddable":true,"href":"https:\/\/www.europesays.com\/se\/wp-json\/wp\/v2\/media\/88889"}],"wp:attachment":[{"href":"https:\/\/www.europesays.com\/se\/wp-json\/wp\/v2\/media?parent=88888"}],"wp:term":[{"taxonomy":"category","embeddable":true,"href":"https:\/\/www.europesays.com\/se\/wp-json\/wp\/v2\/categories?post=88888"},{"taxonomy":"post_tag","embeddable":true,"href":"https:\/\/www.europesays.com\/se\/wp-json\/wp\/v2\/tags?post=88888"}],"curies":[{"name":"wp","href":"https:\/\/api.w.org\/{rel}","templated":true}]}}