{"id":88986,"date":"2025-11-25T04:35:11","date_gmt":"2025-11-25T04:35:11","guid":{"rendered":"https:\/\/www.europesays.com\/se\/88986\/"},"modified":"2025-11-25T04:35:11","modified_gmt":"2025-11-25T04:35:11","slug":"nytt-kompakt-flaggskepp-med-200-mp-huvudkamera-leaker-detaljer-oppo-find-x9s-manader-fore-schemat","status":"publish","type":"post","link":"https:\/\/www.europesays.com\/se\/88986\/","title":{"rendered":"Nytt kompakt flaggskepp med 200 MP huvudkamera: Leaker detaljer Oppo Find X9s m\u00e5nader f\u00f6re schemat"},"content":{"rendered":"<p>\t\t<a href=\"https:\/\/www.notebookcheck.se\/fileadmin\/Notebooks\/News\/_nc5\/find-x9s-rumours-kv.jpg\" data-caption=\"Find X8s \u00e4r bara sju m\u00e5nader gammal vid det h\u00e4r laget. (Bildk\u00e4lla: Oppo)\" rel=\"nofollow noopener\" target=\"_blank\"><img decoding=\"async\" src=\"https:\/\/www.europesays.com\/se\/wp-content\/uploads\/2025\/11\/csm_find-x9s-rumours-kv_90c024a8ad.jpg\" loading=\"lazy\" fetchpriority=\"high\" width=\"240\" height=\"180\" alt=\"Find X8s \u00e4r bara sju m\u00e5nader gammal vid det h\u00e4r laget. (Bildk\u00e4lla: Oppo)\"\/><\/a>Find X8s \u00e4r bara sju m\u00e5nader gammal vid det h\u00e4r laget. (Bildk\u00e4lla: Oppo)<\/p>\n<p>Oppo f\u00f6rv\u00e4ntas inte b\u00f6rja erbjuda sin Find X9 mid-cycle refresh f\u00f6rr\u00e4n v\u00e5ren 2026. Trots detta har en k\u00e4nd l\u00e4ckare redan f\u00e5tt tag p\u00e5 viktig information som tyder p\u00e5 att Find X9s inneh\u00e5ller olika uppgraderingar j\u00e4mf\u00f6rt med den senaste Find X8s, inklusive en 200 MP prim\u00e4rkamera.<\/p>\n<p class=\"bodytext\">I samma andetag verkar Digital Chat Station ha avsl\u00f6jat tidig information om Find X9s. F\u00f6r sammanhanget presenterade Oppo <a href=\"http:\/\/www.notebookcheck.net\/Oppo-Find-X8-Ultra-and-a-mini-X8s-powerhouse-land-with-Night-God-cameras-and-big-batteries-in-a-slim-body.997051.0.html\" target=\"_self\" class=\"internal-link\" rel=\"nofollow noopener\">Find X8s i april<\/a>, fem och en halv m\u00e5nad efter att ha presenterat <a href=\"http:\/\/www.notebookcheck.net\/Oppo-Find-X8.919655.0.html\" target=\"_self\" class=\"internal-link\" rel=\"nofollow noopener\">Hitta X8<\/a> och <a href=\"http:\/\/www.notebookcheck.net\/Oppo-Find-X8-Pro-smartphone-review-Attack-on-the-iPhone-with-innovative-battery-technology.924091.0.html\" target=\"_self\" class=\"internal-link\" rel=\"nofollow noopener\">Hitta X8 Pro<\/a> i Kina. Med Find X9-serien som debuterar en vecka f\u00f6re sin f\u00f6reg\u00e5ngares f\u00f6rsta \u00e5rsdag, skulle vi inte bli f\u00f6rv\u00e5nade om Find X9s f\u00e5r en lansering i slutet av mars eller en under den f\u00f6rsta veckan i april.<\/p>\n<p class=\"bodytext\">F\u00f6r n\u00e4rvarande rapporterar Digital Chat Station att Oppo kommer att leverera enheten med MediaTeks oannonserade <a href=\"http:\/\/www.notebookcheck.net\/Xiaomi-Redmi-K90-Ultra-tipped-to-surpass-Redmi-K80-Ultra-and-Redmi-K90-Pro-Max-with-165-Hz-display-and-MediaTek-Dimensity-9500-Plus.1166509.0.html\" target=\"_self\" class=\"internal-link\" rel=\"nofollow noopener\">Dimensity 9500 Plus<\/a> chipset parat med ett cirka 7 000 mAh kiselkolbatteri. B\u00e5da uppgraderingarna j\u00e4mf\u00f6rt med ekvivalenterna som finns inuti <a href=\"http:\/\/www.notebookcheck.net\/Oppo-Find-X8-Ultra-and-a-mini-X8s-powerhouse-land-with-Night-God-cameras-and-big-batteries-in-a-slim-body.997051.0.html\" target=\"_self\" class=\"internal-link\" rel=\"nofollow noopener\">Hitta X8s<\/a>dessa komponenter s\u00e4gs kompletteras av 200 MP prim\u00e4ra (Sony IMX09E) och 3x periskop (IMX09A) kameror med &#8221;imponerande ultratelefotofunktioner&#8221;. Dessutom tror Digital Chat Station att Oppo kommer att avrunda denna h\u00e5rdvara med en 6,3-tums sk\u00e4rm precis som <a href=\"http:\/\/www.notebookcheck.net\/Oppo-Find-X8-Ultra-and-a-mini-X8s-powerhouse-land-with-Night-God-cameras-and-big-batteries-in-a-slim-body.997051.0.html\" target=\"_self\" class=\"internal-link\" rel=\"nofollow noopener\">Hitta X8s<\/a> innan den.<\/p>\n<p>\t<a href=\"https:\/\/www.notebookcheck.se\/fileadmin\/Notebooks\/News\/_nc5\/find-x9s-rumours-bottom.jpg\" title=\"(Bildk\u00e4lla: Digital Chat Station)\" data-caption=\"(Bildk\u00e4lla: Digital Chat Station)\" target=\"_blank\" rel=\"nofollow noopener\"><img decoding=\"async\" src=\"https:\/\/www.europesays.com\/se\/wp-content\/uploads\/2025\/11\/csm_find-x9s-rumours-bottom_3e0dae3f10.jpg\" width=\"738\" height=\"594\" alt=\"(Bildk\u00e4lla: Digital Chat Station)\" loading=\"lazy\"\/><\/a>(Bildk\u00e4lla: Digital Chat Station)<a href=\"\"><img decoding=\"async\" src=\"https:\/\/www.europesays.com\/se\/wp-content\/uploads\/2025\/11\/csm_alex_alderson_photo_98f8faaa46.jpg\" loading=\"lazy\" width=\"120\" height=\"120\" alt=\"Alex Alderson\"\/><\/a><a href=\"\"><img decoding=\"async\" src=\"https:\/\/www.europesays.com\/se\/wp-content\/uploads\/2025\/11\/1763336113_814_csm_ninh_duy_ee54bf9777.jpg\" loading=\"lazy\" width=\"120\" height=\"120\" alt=\"Ninh Duy\"\/><\/a>Translator: <a href=\"\" class=\"j_name\">Ninh Ngoc Duy<\/a> &#8211; Editorial Assistant  &#8211; 662002 articles published on Notebookcheck since 2008<\/p>\n<p>Alex Alderson,\u00a02025-11-25\u00a0(Update:\u00a02025-11-25)<\/p>\n","protected":false},"excerpt":{"rendered":"Find X8s \u00e4r bara sju m\u00e5nader gammal vid det h\u00e4r laget. (Bildk\u00e4lla: Oppo) Oppo f\u00f6rv\u00e4ntas inte b\u00f6rja erbjuda&hellip;\n","protected":false},"author":2,"featured_media":88987,"comment_status":"","ping_status":"","sticky":false,"template":"","format":"standard","meta":{"footnotes":""},"categories":[66],"tags":[6565,7083,9781,9932,7084,8250,8251,7085,8247,9931,80,78,79,34,7147,31,33,32,30,81,84,83,82],"class_list":{"0":"post-88986","1":"post","2":"type-post","3":"status-publish","4":"format-standard","5":"has-post-thumbnail","7":"category-vetenskap-och-teknik","8":"tag-android","9":"tag-barbar-dator","10":"tag-dimensity-9500-plus","11":"tag-find-x9s","12":"tag-laptop","13":"tag-mediatek","14":"tag-mediatek-dimensity","15":"tag-notebook","16":"tag-oppo","17":"tag-oppo-find-x9s","18":"tag-science","19":"tag-science-and-technology","20":"tag-scienceandtechnology","21":"tag-se","22":"tag-smartphone","23":"tag-svenska","24":"tag-sverige","25":"tag-sweden","26":"tag-swedish","27":"tag-technology","28":"tag-teknik","29":"tag-vetenskap","30":"tag-vetenskapteknik"},"share_on_mastodon":{"url":"https:\/\/pubeurope.com\/@se\/115608481032974142","error":""},"_links":{"self":[{"href":"https:\/\/www.europesays.com\/se\/wp-json\/wp\/v2\/posts\/88986","targetHints":{"allow":["GET"]}}],"collection":[{"href":"https:\/\/www.europesays.com\/se\/wp-json\/wp\/v2\/posts"}],"about":[{"href":"https:\/\/www.europesays.com\/se\/wp-json\/wp\/v2\/types\/post"}],"author":[{"embeddable":true,"href":"https:\/\/www.europesays.com\/se\/wp-json\/wp\/v2\/users\/2"}],"replies":[{"embeddable":true,"href":"https:\/\/www.europesays.com\/se\/wp-json\/wp\/v2\/comments?post=88986"}],"version-history":[{"count":0,"href":"https:\/\/www.europesays.com\/se\/wp-json\/wp\/v2\/posts\/88986\/revisions"}],"wp:featuredmedia":[{"embeddable":true,"href":"https:\/\/www.europesays.com\/se\/wp-json\/wp\/v2\/media\/88987"}],"wp:attachment":[{"href":"https:\/\/www.europesays.com\/se\/wp-json\/wp\/v2\/media?parent=88986"}],"wp:term":[{"taxonomy":"category","embeddable":true,"href":"https:\/\/www.europesays.com\/se\/wp-json\/wp\/v2\/categories?post=88986"},{"taxonomy":"post_tag","embeddable":true,"href":"https:\/\/www.europesays.com\/se\/wp-json\/wp\/v2\/tags?post=88986"}],"curies":[{"name":"wp","href":"https:\/\/api.w.org\/{rel}","templated":true}]}}