{"id":88999,"date":"2025-11-25T05:06:13","date_gmt":"2025-11-25T05:06:13","guid":{"rendered":"https:\/\/www.europesays.com\/se\/88999\/"},"modified":"2025-11-25T05:06:13","modified_gmt":"2025-11-25T05:06:13","slug":"stranger-things-skaparna-se-om-de-har-4-avsnitten-innan-sasong-5","status":"publish","type":"post","link":"https:\/\/www.europesays.com\/se\/88999\/","title":{"rendered":"\u201dStranger Things\u201d-skaparna: Se om de h\u00e4r 4 avsnitten innan s\u00e4song 5"},"content":{"rendered":"<p>Gissningsvis har du inte missat att <a href=\"https:\/\/www.moviezine.se\/series\/stranger-things\" rel=\"nofollow noopener\" target=\"_blank\">\u201dStranger Things\u201d<\/a> kommer tillbaka i veckan. Natten till torsdag 27 november f\u00e5r de fyra f\u00f6rsta avsnitten av den femte och sista s\u00e4songen premi\u00e4r p\u00e5 Netflix.<\/p>\n<p>Om du vill fr\u00e4scha upp minnet av de tidigare fyra s\u00e4songerna men inte har tid att pl\u00f6ja igenom hela serien, skrider skaparna <strong>Matt<\/strong> och <strong>Ross Duffer<\/strong> nu till r\u00e4ddning. F\u00f6r att h\u00e4nga med i sv\u00e4ngarna i den kommande s\u00e4songen, rekommenderar de fyra avsnitt att se om, till <a href=\"https:\/\/www.hollywoodreporter.com\/lists\/stranger-things-season-5-duffer-brothers-recommendations\/tktk-to-remember\/\" rel=\"nofollow noopener\" target=\"_blank\">The Hollywood Reporter<\/a>.<\/p>\n<ul class=\"wp-block-list\">\n<li>S\u00e4song 2, del fyra: <strong>\u201dWill den Vise\u201d<\/strong><\/li>\n<li>S\u00e4song 2, del sex: <strong>\u201dSpionen\u201d<\/strong><\/li>\n<li>S\u00e4song 4, del sju:<strong> \u201dMassakern p\u00e5 Hawkins laboratorium\u201d<\/strong><\/li>\n<li>S\u00e4song 4, del nio:<strong> \u201dInfiltrationen\u201d<\/strong><\/li>\n<\/ul>\n<p>Br\u00f6derna Duffer framh\u00e4ver s\u00e4song 2 som en nyckels\u00e4song i succ\u00e9serien.<\/p>\n<p>\u2013 Det \u00e4r d\u00e4r vi verkligen b\u00f6rjade s\u00e5 fr\u00f6na till mytologin, s\u00e4ger Matt Duffer.<\/p>\n<p><img loading=\"lazy\" height=\"301\" width=\"648\" class=\"wp-image-706965 sp-no-webp perfmatters-lazy\" alt=\"\" decoding=\"async\" src=\"https:\/\/www.europesays.com\/se\/wp-content\/uploads\/2025\/11\/st204willjoycehop-648x301.jpg\"  data-\/> \u201dWill den Vise\u201d.<\/p>\n<p>Det avsnitt som p\u00e5verkar den femte s\u00e4songen allra mest \u00e4r \u201dMassakern p\u00e5 Hawkins laboratorium\u201d, menar Ross.<\/p>\n<p>\u2013 Det b\u00f6rjar avsl\u00f6ja en del av mytologin kring Upside Down och b\u00f6rjar ge n\u00e5gra svar, s\u00e4ger han. Och allt som r\u00f6r Henry och Eleven forts\u00e4tter s\u00e5klart att resonera genom hela s\u00e4song fem.<\/p>\n<p>Om du vill f\u00f6rl\u00e4nga ditt \u00e5terbes\u00f6k ytterligare, rekommenderar Duffer-br\u00f6derna att du helt enkelt ser om de f\u00f6rsta tv\u00e5 s\u00e4songerna, d\u00e4r allt b\u00f6rjade.<\/p>\n<p>\u2013 Jag skulle definitivt se om de tidiga s\u00e4songerna, f\u00f6r det handlar verkligen om att knyta ihop allt med s\u00e4song ett och tv\u00e5, menar Ross Duffer. Det \u00e4r de s\u00e4songer vi refererade mest till, eftersom vi verkligen ville sluta cirkeln. Det finns m\u00e5nga mysterier vi etablerade och sedan avsiktligt inte besvarade under de tidiga s\u00e4songerna.<\/p>\n<p>Volym 1 av den femte s\u00e4songen av \u201dStranger Things\u201d sl\u00e4pps p\u00e5 Netflix natten till torsdag den 27 november.<\/p>\n<p><img loading=\"lazy\" decoding=\"async\" alt=\"YouTube video\" width=\"480\" height=\"360\" data-pin-nopin=\"true\" nopin=\"nopin\" class=\"perfmatters-lazy\" src=\"https:\/\/www.europesays.com\/se\/wp-content\/uploads\/2025\/11\/1764047173_917_hqdefault.jpg\"\/><\/p>\n<p>L\u00e4s ocks\u00e5: <a href=\"https:\/\/www.moviezine.se\/nyheter\/5-fragor-fansen-vill-ha-svar-pa-i-sista-sasongen-av-stranger-things\" title=\"5 fr\u00e5gor fansen vill ha svar p\u00e5 i sista s\u00e4songen av \u201dStranger Things\u201d\" class=\"underline-custom !font-montserrat !font-bold !underline-offset-4 !decoration-4 !decoration-moviezine-green !text-md\" rel=\"nofollow noopener\" target=\"_blank\">5 fr\u00e5gor fansen vill ha svar p\u00e5 i sista s\u00e4songen av \u201dStranger Things\u201d<\/a><\/p>\n<p>L\u00e4s ocks\u00e5: <a href=\"https:\/\/www.moviezine.se\/nyheter\/stranger-things-skaparna-utlovar-seriens-mest-brutala-dod-i-sista-sasongen\" title=\"\u201cStranger Things\u201d-skaparna utlovar seriens mest brutala d\u00f6d i sista s\u00e4songen\" class=\"underline-custom !font-montserrat !font-bold !underline-offset-4 !decoration-4 !decoration-moviezine-green !text-md\" rel=\"nofollow noopener\" target=\"_blank\">\u201cStranger Things\u201d-skaparna utlovar seriens mest brutala d\u00f6d i sista s\u00e4songen<\/a><\/p>\n","protected":false},"excerpt":{"rendered":"Gissningsvis har du inte missat att \u201dStranger Things\u201d kommer tillbaka i veckan. Natten till torsdag 27 november f\u00e5r&hellip;\n","protected":false},"author":2,"featured_media":89000,"comment_status":"","ping_status":"","sticky":false,"template":"","format":"standard","meta":{"footnotes":""},"categories":[67],"tags":[104,2399,34,7487,31,33,32,30,105],"class_list":{"0":"post-88999","1":"post","2":"type-post","3":"status-publish","4":"format-standard","5":"has-post-thumbnail","7":"category-underhallning","8":"tag-entertainment","9":"tag-netflix","10":"tag-se","11":"tag-stranger-things","12":"tag-svenska","13":"tag-sverige","14":"tag-sweden","15":"tag-swedish","16":"tag-underhallning"},"share_on_mastodon":{"url":"https:\/\/pubeurope.com\/@se\/115608602893595214","error":""},"_links":{"self":[{"href":"https:\/\/www.europesays.com\/se\/wp-json\/wp\/v2\/posts\/88999","targetHints":{"allow":["GET"]}}],"collection":[{"href":"https:\/\/www.europesays.com\/se\/wp-json\/wp\/v2\/posts"}],"about":[{"href":"https:\/\/www.europesays.com\/se\/wp-json\/wp\/v2\/types\/post"}],"author":[{"embeddable":true,"href":"https:\/\/www.europesays.com\/se\/wp-json\/wp\/v2\/users\/2"}],"replies":[{"embeddable":true,"href":"https:\/\/www.europesays.com\/se\/wp-json\/wp\/v2\/comments?post=88999"}],"version-history":[{"count":0,"href":"https:\/\/www.europesays.com\/se\/wp-json\/wp\/v2\/posts\/88999\/revisions"}],"wp:featuredmedia":[{"embeddable":true,"href":"https:\/\/www.europesays.com\/se\/wp-json\/wp\/v2\/media\/89000"}],"wp:attachment":[{"href":"https:\/\/www.europesays.com\/se\/wp-json\/wp\/v2\/media?parent=88999"}],"wp:term":[{"taxonomy":"category","embeddable":true,"href":"https:\/\/www.europesays.com\/se\/wp-json\/wp\/v2\/categories?post=88999"},{"taxonomy":"post_tag","embeddable":true,"href":"https:\/\/www.europesays.com\/se\/wp-json\/wp\/v2\/tags?post=88999"}],"curies":[{"name":"wp","href":"https:\/\/api.w.org\/{rel}","templated":true}]}}