{"id":89025,"date":"2025-11-25T06:13:15","date_gmt":"2025-11-25T06:13:15","guid":{"rendered":"https:\/\/www.europesays.com\/se\/89025\/"},"modified":"2025-11-25T06:13:15","modified_gmt":"2025-11-25T06:13:15","slug":"bard-om-handels-slopade-krav-reagerar-i-panik","status":"publish","type":"post","link":"https:\/\/www.europesays.com\/se\/89025\/","title":{"rendered":"Bard om Handels slopade krav: \u201dReagerar i panik\u201d"},"content":{"rendered":"<p>Att Handelsh\u00f6gskolan i Stockholm tagit bort h\u00f6gskoleprovet som krav f\u00e5r debatt\u00f6ren Alexander Bard att reagera.<\/p>\n<p>\u201dFascinerande hur Handelsh\u00f6gskolan reagerar i panik n\u00e4r grabbarna tar f\u00f6r sig efter att de f\u00f6rbannade kvoteringarna har skrotats\u201d, skriver han p\u00e5 X.<\/p>\n<p>\u00c4ven SD:s riksdagsledamot Tobias Andersson \u00e4r kritisk. \u201dM\u00e5ngfald f\u00f6re excellens l\u00e5ter Handelsh\u00f6gskolan i Stockholm h\u00e4lsa\u201d, skriver han.<\/p>\n<p>Handelsh\u00f6gskolan meddelade sitt beslut med att beslutet fick andra o\u00f6nskade effekter med minskad m\u00e5ngfald n\u00e4r syftet var att bek\u00e4mpa betygsinflationen.<\/p>\n<p>Omni \u00e4r politiskt obundna och oberoende. Vi str\u00e4var efter att ge fler perspektiv p\u00e5 nyheterna. Har du fr\u00e5gor eller synpunkter kring v\u00e5r rapportering? <a href=\"https:\/\/omni.se\/alexander-bard-om-handels-slopade-krav-reagerar-i-panik\/a\/mailto:redaktion@omni.se\" class=\"ArticleActions_contactLink__W2F1M\" rel=\"nofollow noopener\" target=\"_blank\">Kontakta redaktionen<\/a><\/p>\n","protected":false},"excerpt":{"rendered":"Att Handelsh\u00f6gskolan i Stockholm tagit bort h\u00f6gskoleprovet som krav f\u00e5r debatt\u00f6ren Alexander Bard att reagera. \u201dFascinerande hur Handelsh\u00f6gskolan&hellip;\n","protected":false},"author":2,"featured_media":89026,"comment_status":"","ping_status":"","sticky":false,"template":"","format":"standard","meta":{"footnotes":""},"categories":[65],"tags":[9933,72,70,71,9851,34,31,33,32,30,3125],"class_list":{"0":"post-89025","1":"post","2":"type-post","3":"status-publish","4":"format-standard","5":"has-post-thumbnail","7":"category-ekonomi","8":"tag-alexander-bard","9":"tag-business","10":"tag-economy","11":"tag-ekonomi","12":"tag-handelshogskolan-i-stockholm","13":"tag-se","14":"tag-svenska","15":"tag-sverige","16":"tag-sweden","17":"tag-swedish","18":"tag-tobias-andersson"},"share_on_mastodon":{"url":"https:\/\/pubeurope.com\/@se\/115608866183623914","error":""},"_links":{"self":[{"href":"https:\/\/www.europesays.com\/se\/wp-json\/wp\/v2\/posts\/89025","targetHints":{"allow":["GET"]}}],"collection":[{"href":"https:\/\/www.europesays.com\/se\/wp-json\/wp\/v2\/posts"}],"about":[{"href":"https:\/\/www.europesays.com\/se\/wp-json\/wp\/v2\/types\/post"}],"author":[{"embeddable":true,"href":"https:\/\/www.europesays.com\/se\/wp-json\/wp\/v2\/users\/2"}],"replies":[{"embeddable":true,"href":"https:\/\/www.europesays.com\/se\/wp-json\/wp\/v2\/comments?post=89025"}],"version-history":[{"count":0,"href":"https:\/\/www.europesays.com\/se\/wp-json\/wp\/v2\/posts\/89025\/revisions"}],"wp:featuredmedia":[{"embeddable":true,"href":"https:\/\/www.europesays.com\/se\/wp-json\/wp\/v2\/media\/89026"}],"wp:attachment":[{"href":"https:\/\/www.europesays.com\/se\/wp-json\/wp\/v2\/media?parent=89025"}],"wp:term":[{"taxonomy":"category","embeddable":true,"href":"https:\/\/www.europesays.com\/se\/wp-json\/wp\/v2\/categories?post=89025"},{"taxonomy":"post_tag","embeddable":true,"href":"https:\/\/www.europesays.com\/se\/wp-json\/wp\/v2\/tags?post=89025"}],"curies":[{"name":"wp","href":"https:\/\/api.w.org\/{rel}","templated":true}]}}