{"id":89034,"date":"2025-11-25T06:29:09","date_gmt":"2025-11-25T06:29:09","guid":{"rendered":"https:\/\/www.europesays.com\/se\/89034\/"},"modified":"2025-11-25T06:29:09","modified_gmt":"2025-11-25T06:29:09","slug":"eu-avfardar-usa-krav-att-latta-pa-techregler-i-utbyte-mot-lagre-staltullar","status":"publish","type":"post","link":"https:\/\/www.europesays.com\/se\/89034\/","title":{"rendered":"EU avf\u00e4rdar USA-krav att l\u00e4tta p\u00e5 techregler i utbyte mot l\u00e4gre st\u00e5ltullar"},"content":{"rendered":"<p>&#13;<br \/>\n                        Den amerikanske handelsministern Howard Lutnick sade i en Bloomberg-intervju att USA skulle bevilja EU ett \u201ch\u00e4ftigt st\u00e5l och aluminium\u201d-avtal i utbyte mot att man backar fr\u00e5n sina teknikregler. USA har i dagsl\u00e4get en tullsats p\u00e5 50 procent p\u00e5 den europeiska importen av metallerna.<\/p>\n<p>Men EU:s konkurrenschef Teresa Ribera avvisar detta och s\u00e4ger att teknikreglerna inte \u00e4r f\u00f6rhandlingsbara.<\/p>\n<p>\u201cVi europ\u00e9er har antagit v\u00e5ra regler f\u00f6r att s\u00e4kerst\u00e4lla r\u00e4ttvisa marknader och skydda konsumenternas r\u00e4ttigheter samtidigt som vi s\u00e4krar Europas digitala framtid\u201d, sade hon i ett uttalande.&#13;\n                    <\/p>\n","protected":false},"excerpt":{"rendered":"&#13; Den amerikanske handelsministern Howard Lutnick sade i en Bloomberg-intervju att USA skulle bevilja EU ett \u201ch\u00e4ftigt st\u00e5l&hellip;\n","protected":false},"author":2,"featured_media":2159,"comment_status":"","ping_status":"","sticky":false,"template":"","format":"standard","meta":{"footnotes":""},"categories":[65],"tags":[72,70,71,454,453,451,452,34,31,33,32,30,455],"class_list":{"0":"post-89034","1":"post","2":"type-post","3":"status-publish","4":"format-standard","5":"has-post-thumbnail","7":"category-ekonomi","8":"tag-business","9":"tag-economy","10":"tag-ekonomi","11":"tag-ekonomisk-analys","12":"tag-finans","13":"tag-finansiella-nyheter","14":"tag-investera","15":"tag-se","16":"tag-svenska","17":"tag-sverige","18":"tag-sweden","19":"tag-swedish","20":"tag-trading"},"share_on_mastodon":{"url":"https:\/\/pubeurope.com\/@se\/115608929161733725","error":""},"_links":{"self":[{"href":"https:\/\/www.europesays.com\/se\/wp-json\/wp\/v2\/posts\/89034","targetHints":{"allow":["GET"]}}],"collection":[{"href":"https:\/\/www.europesays.com\/se\/wp-json\/wp\/v2\/posts"}],"about":[{"href":"https:\/\/www.europesays.com\/se\/wp-json\/wp\/v2\/types\/post"}],"author":[{"embeddable":true,"href":"https:\/\/www.europesays.com\/se\/wp-json\/wp\/v2\/users\/2"}],"replies":[{"embeddable":true,"href":"https:\/\/www.europesays.com\/se\/wp-json\/wp\/v2\/comments?post=89034"}],"version-history":[{"count":0,"href":"https:\/\/www.europesays.com\/se\/wp-json\/wp\/v2\/posts\/89034\/revisions"}],"wp:featuredmedia":[{"embeddable":true,"href":"https:\/\/www.europesays.com\/se\/wp-json\/wp\/v2\/media\/2159"}],"wp:attachment":[{"href":"https:\/\/www.europesays.com\/se\/wp-json\/wp\/v2\/media?parent=89034"}],"wp:term":[{"taxonomy":"category","embeddable":true,"href":"https:\/\/www.europesays.com\/se\/wp-json\/wp\/v2\/categories?post=89034"},{"taxonomy":"post_tag","embeddable":true,"href":"https:\/\/www.europesays.com\/se\/wp-json\/wp\/v2\/tags?post=89034"}],"curies":[{"name":"wp","href":"https:\/\/api.w.org\/{rel}","templated":true}]}}