{"id":89037,"date":"2025-11-25T06:34:08","date_gmt":"2025-11-25T06:34:08","guid":{"rendered":"https:\/\/www.europesays.com\/se\/89037\/"},"modified":"2025-11-25T06:34:08","modified_gmt":"2025-11-25T06:34:08","slug":"ranade-alexander-isak-behover-betala-125-kronor-premier-league","status":"publish","type":"post","link":"https:\/\/www.europesays.com\/se\/89037\/","title":{"rendered":"R\u00e5nade Alexander Isak \u2013 beh\u00f6ver betala 12,5 kronor | Premier League"},"content":{"rendered":"<p>Publicerad 25 nov 2025 kl 07.20<\/p>\n<p>F\u00f6rra \u00e5ret r\u00e5nades Alexander Isak p\u00e5 flera miljoner.<\/p>\n<p>Nu beordras den italienska r\u00e5narfamiljen betala tillbaka.<\/p>\n<p>Summan?<\/p>\n<p>12,5 kronor, f\u00f6r att vara exakt.<\/p>\n<p><img   alt=\"\"\/> <\/p>\n<p>Foto: PETER BYRNE \/ STELLA PICTURES \/ PA<\/p>\n<p>\u00d6ppna bild i helsk\u00e4rm<img loading=\"lazy\"   alt=\"\"\/> <\/p>\n<p>Foto: MATT WEST\/SHUTTERSTOCK \/ SHUTTERSTOCK EDITORIAL\/IBL<\/p>\n<p>\u00d6ppna bild i helsk\u00e4rm<\/p>\n<p>Den 4 april 2024, n\u00e4r Alexander Isak bodde i Newcastle, r\u00e5nades hans hem p\u00e5 125 000 kronor i kontanter, smycken v\u00e4rda 850 000 kronor, samt en Audi RS6 v\u00e4rd 1,5 miljoner.<\/p>\n<p>Det var en italiensk r\u00e5narfamilj som l\u00e5g bakom kuppen. Familjen slog \u00e4ven till mot tv\u00e5 andra hus i Newcastle-regionen.<\/p>\n<p>Bara dagar senare greps de av polis i Birmingham. I maj 2025 d\u00f6mdes de sedan till mellan sex och tio \u00e5rs f\u00e4ngelse.<\/p>\n<p>Nu har de \u00e4ven blivit beordrade att betala tillbaka delar av beloppet, skriver <a href=\"https:\/\/www.bbc.com\/news\/articles\/c8xdexnyl9zo\" rel=\"nofollow noopener\" target=\"_blank\">BBC<\/a>.<\/p>\n<p>Ska betala tillbaka 12,5 kronor<\/p>\n<p>Enligt \u00e5klagare Daniel Cordey har de fyra familjemedlemmarna tj\u00e4nat \u00f6ver 15 miljoner kronor p\u00e5 de tre tillslagen.<\/p>\n<p>D\u00e4rf\u00f6r d\u00f6ms de ocks\u00e5 till att betala tillbaka en stor summa.<\/p>\n<p>Men br\u00f6derna Valentino och Giacomo Nikolov, deras syster Jela Jovanovic samt hennes son Charlie Jovanovic har varken n\u00e5gra pengar eller tillg\u00e5ngar att m\u00e4ta ut.<\/p>\n<p>De tre f\u00f6rstn\u00e4mnda d\u00f6ms d\u00e4rf\u00f6r till att betala tillbaka en (1) pund, vilket motsvarar 12,5 kronor.<\/p>\n<p>Den enda av dem som har m\u00f6jlighet att betala en symbolisk summa \u00e4r Charlie Jovanovic, som kan hosta upp strax \u00f6ver 14 000 kronor.<\/p>\n<p>Kan beh\u00f6va betala mer<\/p>\n<p>Domaren i m\u00e5let, Robert Spragg, p\u00e5pekade dock att beloppet kan komma att \u00f6ka kraftigt om n\u00e5gon av r\u00e5narna skulle p\u00e5tr\u00e4ffas med tillg\u00e5ngar i framtiden.<\/p>\n<p>Hans egna ord var \u201dom de exempelvis k\u00f6r omkring med en snabb bil i Italien, eller om de \u00e4ger en fastighet\u201d.<\/p>\n","protected":false},"excerpt":{"rendered":"Publicerad 25 nov 2025 kl 07.20 F\u00f6rra \u00e5ret r\u00e5nades Alexander Isak p\u00e5 flera miljoner. Nu beordras den italienska&hellip;\n","protected":false},"author":2,"featured_media":89038,"comment_status":"","ping_status":"","sticky":false,"template":"","format":"standard","meta":{"footnotes":""},"categories":[68],"tags":[34,129,242,111,110,31,33,32,30],"class_list":{"0":"post-89037","1":"post","2":"type-post","3":"status-publish","4":"format-standard","5":"has-post-thumbnail","7":"category-sport","8":"tag-se","9":"tag-sections-fotboll","10":"tag-sections-premierleague","11":"tag-sport","12":"tag-sports","13":"tag-svenska","14":"tag-sverige","15":"tag-sweden","16":"tag-swedish"},"share_on_mastodon":{"url":"https:\/\/pubeurope.com\/@se\/115608948772736650","error":""},"_links":{"self":[{"href":"https:\/\/www.europesays.com\/se\/wp-json\/wp\/v2\/posts\/89037","targetHints":{"allow":["GET"]}}],"collection":[{"href":"https:\/\/www.europesays.com\/se\/wp-json\/wp\/v2\/posts"}],"about":[{"href":"https:\/\/www.europesays.com\/se\/wp-json\/wp\/v2\/types\/post"}],"author":[{"embeddable":true,"href":"https:\/\/www.europesays.com\/se\/wp-json\/wp\/v2\/users\/2"}],"replies":[{"embeddable":true,"href":"https:\/\/www.europesays.com\/se\/wp-json\/wp\/v2\/comments?post=89037"}],"version-history":[{"count":0,"href":"https:\/\/www.europesays.com\/se\/wp-json\/wp\/v2\/posts\/89037\/revisions"}],"wp:featuredmedia":[{"embeddable":true,"href":"https:\/\/www.europesays.com\/se\/wp-json\/wp\/v2\/media\/89038"}],"wp:attachment":[{"href":"https:\/\/www.europesays.com\/se\/wp-json\/wp\/v2\/media?parent=89037"}],"wp:term":[{"taxonomy":"category","embeddable":true,"href":"https:\/\/www.europesays.com\/se\/wp-json\/wp\/v2\/categories?post=89037"},{"taxonomy":"post_tag","embeddable":true,"href":"https:\/\/www.europesays.com\/se\/wp-json\/wp\/v2\/tags?post=89037"}],"curies":[{"name":"wp","href":"https:\/\/api.w.org\/{rel}","templated":true}]}}