{"id":89106,"date":"2025-11-25T08:28:09","date_gmt":"2025-11-25T08:28:09","guid":{"rendered":"https:\/\/www.europesays.com\/se\/89106\/"},"modified":"2025-11-25T08:28:09","modified_gmt":"2025-11-25T08:28:09","slug":"allsvenska-kulisserna-har-traffat-aiks-ledning-i-hemligt-mote-allsvenskan","status":"publish","type":"post","link":"https:\/\/www.europesays.com\/se\/89106\/","title":{"rendered":"Allsvenska kulisserna: Har tr\u00e4ffat AIK:s ledning i hemligt m\u00f6te | Allsvenskan"},"content":{"rendered":"<p>Publicerad 25 nov 2025 kl 08.37<\/p>\n<p>PremiumExpressens Anel Avdic ger dig de senaste nyheterna och avsl\u00f6jandena i Allsvenska kulisserna.<\/p>\n<p>Den h\u00e4r veckan om bland annat&#8230;<\/p>\n<p> AIK-ledningens hemliga m\u00f6te med chefsscouten<\/p>\n<p> D\u00e4rf\u00f6r fick Lars Friis inte jobbet i Malm\u00f6 FF<\/p>\n<p> Talangen p\u00e5 v\u00e4g att l\u00e4mna Helsingborg f\u00f6r Cypern<\/p>\n<p> Utl\u00e4ndska tr\u00e4naren som Malm\u00f6 FF har diskuterat<\/p>\n<p> Allsvenska klubbar vill v\u00e4rva f\u00f6rsvararen<\/p>\n<p><img   alt=\"\"\/>\u00d6ppna bild i helsk\u00e4rm<\/p>\n","protected":false},"excerpt":{"rendered":"Publicerad 25 nov 2025 kl 08.37 PremiumExpressens Anel Avdic ger dig de senaste nyheterna och avsl\u00f6jandena i Allsvenska&hellip;\n","protected":false},"author":2,"featured_media":89107,"comment_status":"","ping_status":"","sticky":false,"template":"","format":"standard","meta":{"footnotes":""},"categories":[68],"tags":[131,665,6869,1046,664,358,103,34,130,129,111,110,31,33,32,30],"class_list":{"0":"post-89106","1":"post","2":"type-post","3":"status-publish","4":"format-standard","5":"has-post-thumbnail","7":"category-sport","8":"tag-organization-aik-fotboll","9":"tag-organization-gais","10":"tag-organization-helsingborgs-if","11":"tag-organization-if-elfsborg","12":"tag-organization-ifk-goteborg","13":"tag-organization-malmo-ff","14":"tag-premium","15":"tag-se","16":"tag-sections-allsvenskan","17":"tag-sections-fotboll","18":"tag-sport","19":"tag-sports","20":"tag-svenska","21":"tag-sverige","22":"tag-sweden","23":"tag-swedish"},"share_on_mastodon":{"url":"https:\/\/pubeurope.com\/@se\/115609397121695294","error":""},"_links":{"self":[{"href":"https:\/\/www.europesays.com\/se\/wp-json\/wp\/v2\/posts\/89106","targetHints":{"allow":["GET"]}}],"collection":[{"href":"https:\/\/www.europesays.com\/se\/wp-json\/wp\/v2\/posts"}],"about":[{"href":"https:\/\/www.europesays.com\/se\/wp-json\/wp\/v2\/types\/post"}],"author":[{"embeddable":true,"href":"https:\/\/www.europesays.com\/se\/wp-json\/wp\/v2\/users\/2"}],"replies":[{"embeddable":true,"href":"https:\/\/www.europesays.com\/se\/wp-json\/wp\/v2\/comments?post=89106"}],"version-history":[{"count":0,"href":"https:\/\/www.europesays.com\/se\/wp-json\/wp\/v2\/posts\/89106\/revisions"}],"wp:featuredmedia":[{"embeddable":true,"href":"https:\/\/www.europesays.com\/se\/wp-json\/wp\/v2\/media\/89107"}],"wp:attachment":[{"href":"https:\/\/www.europesays.com\/se\/wp-json\/wp\/v2\/media?parent=89106"}],"wp:term":[{"taxonomy":"category","embeddable":true,"href":"https:\/\/www.europesays.com\/se\/wp-json\/wp\/v2\/categories?post=89106"},{"taxonomy":"post_tag","embeddable":true,"href":"https:\/\/www.europesays.com\/se\/wp-json\/wp\/v2\/tags?post=89106"}],"curies":[{"name":"wp","href":"https:\/\/api.w.org\/{rel}","templated":true}]}}