{"id":89120,"date":"2025-11-25T08:42:08","date_gmt":"2025-11-25T08:42:08","guid":{"rendered":"https:\/\/www.europesays.com\/se\/89120\/"},"modified":"2025-11-25T08:42:08","modified_gmt":"2025-11-25T08:42:08","slug":"rektorns-svar-handels-krav-var-testballong","status":"publish","type":"post","link":"https:\/\/www.europesays.com\/se\/89120\/","title":{"rendered":"Rektorns svar: Handels krav var \u201dtestballong\u201d"},"content":{"rendered":"<p>N\u00e4r Handelsh\u00f6gskolan i Stockholm inf\u00f6rde h\u00f6gskoleprovskrav ut\u00f6ver betygskonkurrens var det f\u00f6r att signalera att man ser allvarligt p\u00e5 \u201dgl\u00e4djebetyg\u201d. Det s\u00e4ger rektor Lars Stranneg\u00e5rd i P1 Morgon.<\/p>\n<p>\u2013 Vi var inte speciellt oroliga f\u00f6r v\u00e5ra egna studenter. Vi tyckte att vi beh\u00f6vde s\u00e4tta ner foten, s\u00e4ger han till radion och beskriver det som en \u201dtestballong\u201d.<\/p>\n<p>Att gruppen antagna p\u00e5 det viset blev mer homogen, med f\u00e4rre kvinnor, tyckte skolan var \u201dintressant\u201d, enligt rektorn som s\u00e4ger att Handels inte hade kunnat f\u00f6rutse det.<\/p>\n<p>\u2013 Vi vet naturligtvis att m\u00e4n f\u00e5r h\u00f6ga betyg p\u00e5 h\u00f6gskoleprovet, men 1,25 \u00e4r inte s\u00e5 j\u00e4tteh\u00f6gt, s\u00e4ger Stranneg\u00e5rd och till\u00e4gger att problemet \u00e4r att kvinnor inte g\u00f6r h\u00f6gskoleprovet i lika h\u00f6g utstr\u00e4ckning.<\/p>\n<p>Omni \u00e4r politiskt obundna och oberoende. Vi str\u00e4var efter att ge fler perspektiv p\u00e5 nyheterna. Har du fr\u00e5gor eller synpunkter kring v\u00e5r rapportering? <a href=\"https:\/\/omni.se\/rektorns-svar-handels-hp-krav-var-testballong\/a\/mailto:redaktion@omni.se\" class=\"ArticleActions_contactLink__W2F1M\" rel=\"nofollow noopener\" target=\"_blank\">Kontakta redaktionen<\/a><\/p>\n","protected":false},"excerpt":{"rendered":"N\u00e4r Handelsh\u00f6gskolan i Stockholm inf\u00f6rde h\u00f6gskoleprovskrav ut\u00f6ver betygskonkurrens var det f\u00f6r att signalera att man ser allvarligt p\u00e5&hellip;\n","protected":false},"author":2,"featured_media":89121,"comment_status":"","ping_status":"","sticky":false,"template":"","format":"standard","meta":{"footnotes":""},"categories":[5],"tags":[22,23,26,27,9851,17,21,2288,9942,24,25,28,29,15,16,18,34,258,31,33,32,30,19,20],"class_list":{"0":"post-89120","1":"post","2":"type-post","3":"status-publish","4":"format-standard","5":"has-post-thumbnail","7":"category-rubriker","8":"tag-breaking-news","9":"tag-breakingnews","10":"tag-featured-news","11":"tag-featurednews","12":"tag-handelshogskolan-i-stockholm","13":"tag-headlines","14":"tag-huvudnyheter","15":"tag-jamstalldhet","16":"tag-lars-strannegard","17":"tag-latest-news","18":"tag-latestnews","19":"tag-main-news","20":"tag-mainnews","21":"tag-news","22":"tag-nyheter","23":"tag-rubriker","24":"tag-se","25":"tag-stockholm","26":"tag-svenska","27":"tag-sverige","28":"tag-sweden","29":"tag-swedish","30":"tag-top-stories","31":"tag-topstories"},"share_on_mastodon":{"url":"https:\/\/pubeurope.com\/@se\/115609452053188049","error":""},"_links":{"self":[{"href":"https:\/\/www.europesays.com\/se\/wp-json\/wp\/v2\/posts\/89120","targetHints":{"allow":["GET"]}}],"collection":[{"href":"https:\/\/www.europesays.com\/se\/wp-json\/wp\/v2\/posts"}],"about":[{"href":"https:\/\/www.europesays.com\/se\/wp-json\/wp\/v2\/types\/post"}],"author":[{"embeddable":true,"href":"https:\/\/www.europesays.com\/se\/wp-json\/wp\/v2\/users\/2"}],"replies":[{"embeddable":true,"href":"https:\/\/www.europesays.com\/se\/wp-json\/wp\/v2\/comments?post=89120"}],"version-history":[{"count":0,"href":"https:\/\/www.europesays.com\/se\/wp-json\/wp\/v2\/posts\/89120\/revisions"}],"wp:featuredmedia":[{"embeddable":true,"href":"https:\/\/www.europesays.com\/se\/wp-json\/wp\/v2\/media\/89121"}],"wp:attachment":[{"href":"https:\/\/www.europesays.com\/se\/wp-json\/wp\/v2\/media?parent=89120"}],"wp:term":[{"taxonomy":"category","embeddable":true,"href":"https:\/\/www.europesays.com\/se\/wp-json\/wp\/v2\/categories?post=89120"},{"taxonomy":"post_tag","embeddable":true,"href":"https:\/\/www.europesays.com\/se\/wp-json\/wp\/v2\/tags?post=89120"}],"curies":[{"name":"wp","href":"https:\/\/api.w.org\/{rel}","templated":true}]}}