{"id":89219,"date":"2025-11-25T10:37:09","date_gmt":"2025-11-25T10:37:09","guid":{"rendered":"https:\/\/www.europesays.com\/se\/89219\/"},"modified":"2025-11-25T10:37:09","modified_gmt":"2025-11-25T10:37:09","slug":"ny-studie-avslojar-ovantad-koppling-mellan-dopamin-och-serotonin-i-hjarnan","status":"publish","type":"post","link":"https:\/\/www.europesays.com\/se\/89219\/","title":{"rendered":"Ny studie avsl\u00f6jar ov\u00e4ntad koppling mellan dopamin och serotonin i hj\u00e4rnan"},"content":{"rendered":"<p>Bild:<\/p>\n<p> <img decoding=\"async\" src=\"https:\/\/www.europesays.com\/se\/wp-content\/uploads\/2025\/11\/MayaMolinari_custom20251125092821.jpg\" alt=\"Portr\u00e4tt av kvinna i m\u00f6nstrad kavaj.\"\/><\/p>\n<p>Rubrik:<\/p>\n<p> Maya Molinari.<br \/>\nFoto: Johannes Frands\u00e9n<\/p>\n<p>\u2212 F\u00f6r f\u00f6rsta g\u00e5ngen har vi identifierat en mekanism d\u00e4r dopamin kan ha indirekta effekter genom att verka via serotonin. Den h\u00e4r typen av samspel mellan signalsubstanser antyder att liknande interaktioner kan vara vanligare \u00e4n vi tidigare trott, s\u00e4ger <a href=\"https:\/\/ki.se\/en\/people\/maya-molinari\" data-entity-type=\"external\" rel=\"nofollow noopener\" target=\"_blank\">Maya Molinari<\/a>, doktorand vid samma institution och studiens f\u00f6rstef\u00f6rfattare.<\/p>\n<p>Dopamin och serotonin reglerar motivation och k\u00e4nslor. Studien visar p\u00e5 en regional och synaptisk koppling mellan dessa tv\u00e5 viktiga funktioner.<\/p>\n<p>\u2212 Att f\u00f6rst\u00e5 dessa kemiska relationer kan i slut\u00e4ndan f\u00f6rdjupa v\u00e5r f\u00f6rst\u00e5else av neurologiska sjukdomar som p\u00e5verkar r\u00f6relse, motivation eller b\u00e5da, forts\u00e4tter Maya Molinari.<\/p>\n<p>En kombination av avancerade metoder<\/p>\n<p>Forskargruppen anv\u00e4nde en kombination av avancerade tekniker, inklusive tv\u00e5fotonmikroskopi f\u00f6r att m\u00e4ta niv\u00e5erna av serotonin i realtid och optogenetik f\u00f6r att kontrollera specifika nervceller med ljus. De h\u00e4r metoderna gjorde det m\u00f6jligt att kartl\u00e4gga hur dopamin indirekt p\u00e5verkar de basala gangliernas utfl\u00f6de.<\/p>\n<p>Forskarna m\u00e4tte SNr-neuroners aktivitet och fris\u00e4ttningen av GABA, och anv\u00e4nde l\u00e4kemedel som riktar sig mot dopamin- och serotoninreceptorer f\u00f6r att visa hur dopamin indirekt reglerar GABA-fris\u00e4ttning via serotonin och f\u00f6r att unders\u00f6ka interaktionen mellan dessa signalsubstanser.<\/p>\n<p>N\u00e4sta steg<\/p>\n<p>M\u00e5let \u00e4r att ta f\u00f6rst\u00e5 hur dopamin-serotonin-interaktioner p\u00e5verkar sjukdomstillst\u00e5nd som Parkinsons, d\u00e4r f\u00f6rlust av dopaminproducerande celler st\u00f6r de basala gangliernas kretsar.<\/p>\n<p>\u2212 Vi kommer att unders\u00f6ka om f\u00f6r\u00e4ndringar av denna interaktion f\u00f6rb\u00e4ttrar kretsfunktionen eller motoriska symtom. Dessutom ska vi utreda om liknande v\u00e4gar finns i andra hj\u00e4rnomr\u00e5den kopplade till motivation, bel\u00f6ning och hum\u00f6r, vilket kan \u00f6ka den kliniska relevansen, s\u00e4ger Anders Borgkvist.<\/p>\n<p>Publikation<\/p>\n<p><a href=\"https:\/\/pubmed.ncbi.nlm.nih.gov\/41191762\" rel=\"nofollow noopener\" target=\"_blank\">Dopamine and serotonin cotransmission filters striatonigral synaptic activity via 5-HT1B receptor activation.<\/a><br \/>Molinari M, Aaltonen A, Lieberman OJ, Sulzer D, Santini E, Borgkvist A<br \/>Sci Adv 2025 Nov;11(45):eadx4577<\/p>\n","protected":false},"excerpt":{"rendered":"Bild: Rubrik: Maya Molinari. Foto: Johannes Frands\u00e9n \u2212 F\u00f6r f\u00f6rsta g\u00e5ngen har vi identifierat en mekanism d\u00e4r dopamin&hellip;\n","protected":false},"author":2,"featured_media":89220,"comment_status":"","ping_status":"","sticky":false,"template":"","format":"standard","meta":{"footnotes":""},"categories":[69],"tags":[113,112,34,31,33,32,30],"class_list":{"0":"post-89219","1":"post","2":"type-post","3":"status-publish","4":"format-standard","5":"has-post-thumbnail","7":"category-halsa","8":"tag-halsa","9":"tag-health","10":"tag-se","11":"tag-svenska","12":"tag-sverige","13":"tag-sweden","14":"tag-swedish"},"share_on_mastodon":{"url":"https:\/\/pubeurope.com\/@se\/115609904502434450","error":""},"_links":{"self":[{"href":"https:\/\/www.europesays.com\/se\/wp-json\/wp\/v2\/posts\/89219","targetHints":{"allow":["GET"]}}],"collection":[{"href":"https:\/\/www.europesays.com\/se\/wp-json\/wp\/v2\/posts"}],"about":[{"href":"https:\/\/www.europesays.com\/se\/wp-json\/wp\/v2\/types\/post"}],"author":[{"embeddable":true,"href":"https:\/\/www.europesays.com\/se\/wp-json\/wp\/v2\/users\/2"}],"replies":[{"embeddable":true,"href":"https:\/\/www.europesays.com\/se\/wp-json\/wp\/v2\/comments?post=89219"}],"version-history":[{"count":0,"href":"https:\/\/www.europesays.com\/se\/wp-json\/wp\/v2\/posts\/89219\/revisions"}],"wp:featuredmedia":[{"embeddable":true,"href":"https:\/\/www.europesays.com\/se\/wp-json\/wp\/v2\/media\/89220"}],"wp:attachment":[{"href":"https:\/\/www.europesays.com\/se\/wp-json\/wp\/v2\/media?parent=89219"}],"wp:term":[{"taxonomy":"category","embeddable":true,"href":"https:\/\/www.europesays.com\/se\/wp-json\/wp\/v2\/categories?post=89219"},{"taxonomy":"post_tag","embeddable":true,"href":"https:\/\/www.europesays.com\/se\/wp-json\/wp\/v2\/tags?post=89219"}],"curies":[{"name":"wp","href":"https:\/\/api.w.org\/{rel}","templated":true}]}}