{"id":89443,"date":"2025-11-25T14:56:16","date_gmt":"2025-11-25T14:56:16","guid":{"rendered":"https:\/\/www.europesays.com\/se\/89443\/"},"modified":"2025-11-25T14:56:16","modified_gmt":"2025-11-25T14:56:16","slug":"veckans-lag-9-wow-sager-jag-bara","status":"publish","type":"post","link":"https:\/\/www.europesays.com\/se\/89443\/","title":{"rendered":"Veckans lag #9: &#8221;Wow, s\u00e4ger jag bara&#8221;"},"content":{"rendered":"<p><strong>En ny SHL-vecka \u00e4r f\u00e4rdigspelad. D\u00e4rf\u00f6r plockar M\u00e5ns Karlsson ut s\u00e4songens nionde \u201dVeckans lag\u201d i\u00a0<a href=\"https:\/\/hockeysverige.se\/shl\/\" rel=\"nofollow noopener\" target=\"_blank\">SHL<\/a>.<\/strong><\/p>\n<ul class=\"wp-block-list\">\n<li><strong>B\u00e5de veteraner och juniorer.<\/strong><\/li>\n<li><strong>M\u00e5lvakten h\u00e5ller \u00e4n.<\/strong><\/li>\n<li><strong>Backen given efter m\u00e5lsucc\u00e9n.<\/strong><\/li>\n<li><strong>Han har gjort 13 po\u00e4ng p\u00e5 sju matcher.<\/strong><\/li>\n<li><strong>Gl\u00f6dhet inf\u00f6r JVM-uttagningen.<\/strong><\/li>\n<li><strong>Supertalangen \u2013 en av SHL:s b\u00e4sta spelare just nu.<\/strong><\/li>\n<\/ul>\n<p>M\u00e5lvakt<\/p>\n<p>Joel Lassinantti, Lule\u00e5<\/p>\n<p>Jod\u00e5, <a href=\"https:\/\/hockeysverige.se\/spelare\/joel-lassinantti\/\" rel=\"nofollow noopener\" target=\"_blank\">Joel Lassinantti<\/a> kan \u00e4n. N\u00e4r Matteus Ward haft en tuffare h\u00f6st \u00e4n man hade v\u00e4ntat sig har Lassinantti studsat tillbaka \u2013 \u00e5tminstone statistiskt \u2013 och visat att han fortfarande \u00e4r att r\u00e4kna med. <\/p>\n<p>Lassinantti stod b\u00e5da veckans matcher och hj\u00e4lpte Lule\u00e5 till sex blytunga po\u00e4ng mot \u201dbottenkonkurrenterna\u201d <a href=\"https:\/\/hockeysverige.se\/klubb\/orebro-hockey\/\" rel=\"nofollow noopener\" target=\"_blank\">\u00d6rebro<\/a> och <a href=\"https:\/\/hockeysverige.se\/klubb\/hv71\/\" rel=\"nofollow noopener\" target=\"_blank\">HV71<\/a>. Han hj\u00e4lpte laget genom att bara sl\u00e4ppa in ett m\u00e5l, och r\u00e4dda 40 av 41 skott under veckans tv\u00e5 matcher bakom ett <a href=\"https:\/\/hockeysverige.se\/klubb\/lulea-hockey\/\" rel=\"nofollow noopener\" target=\"_blank\">Lule\u00e5f\u00f6rsvar<\/a> som s\u00e5g ut som vi vant oss vid att att Lule\u00e5f\u00f6rsvar sett ut genom \u00e5ren.<\/p>\n<p>Det var en h\u00e5rd konkurrens om m\u00e5lvaktsplatserna denna vecka, men jag v\u00e4ljer Lassinantti eftersom han hade den \u00f6verl\u00e4gset b\u00e4sta r\u00e4ddningsprocenten av m\u00e5lvakterna som stod tv\u00e5 matcher.<\/p>\n<p> Source: <a href=\"https:\/\/www.eliteprospects.com\/player\/19789\/joel-lassinantti\" target=\"_blank\" rel=\"noopener noreferrer nofollow\">Joel Lassinantti<\/a> @ Elite Prospects<\/p>\n<p>Backar<\/p>\n<p>Axel Andersson, Bryn\u00e4s<\/p>\n<p>Axel Andersson hade en match han aldrig l\u00e4r gl\u00f6mma, n\u00e4r <a href=\"https:\/\/hockeysverige.se\/klubb\/brynas-if\/\" rel=\"nofollow noopener\" target=\"_blank\">Bryn\u00e4s<\/a> besegrade <a href=\"https:\/\/hockeysverige.se\/klubb\/timra-ik\/\" rel=\"nofollow noopener\" target=\"_blank\">Timr\u00e5<\/a> med 8-5 i torsdags. Backen gjorde tre dr\u00f6mm\u00e5l och fyllde p\u00e5 med en assist i m\u00e5lfesten. Tre m\u00e5l var ocks\u00e5 vad han gjorde p\u00e5 hela f\u00f6rra s\u00e4songen, och den h\u00e4r s\u00e4songen hade han gjort tv\u00e5 m\u00e5l inf\u00f6r torsdagens match.<\/p>\n<p>Andersson har haft n\u00e5gra h\u00e4ndelserika veckor, med kontraktsf\u00f6rl\u00e4ngning, landslagdebut, en olycksalig skada \u2013 och den h\u00e4r galna hattrickmatchen.<\/p>\n<p> Source: <a href=\"https:\/\/www.eliteprospects.com\/player\/313354\/axel-andersson\" target=\"_blank\" rel=\"noopener noreferrer nofollow\">Axel Andersson<\/a> @ Elite Prospects<\/p>\n<p>Erik Gustafsson, Lule\u00e5<\/p>\n<p>Lule\u00e5 tog tv\u00e5 otroligt viktiga segrar i veckan, och sl\u00e4ppte som sagt bara in ett m\u00e5l. <a href=\"https:\/\/hockeysverige.se\/spelare\/erik-gustafsson\/\" rel=\"nofollow noopener\" target=\"_blank\">Erik Gustafsson<\/a> drog som vanligt ett j\u00e4ttelass. Han spelade drygt 23 minuter i ena matchen, drygt 21 minuter i andra matchen, var inne p\u00e5 tre m\u00e5l fram\u00e5t och inte ett enda m\u00e5l bak\u00e5t. Dessutom noterade han tv\u00e5 assistpo\u00e4ng.<\/p>\n<p>Gustafsson \u00e4r inte lika bra som n\u00e4r han var som b\u00e4st f\u00f6r n\u00e5gra \u00e5r sedan, men den snart 37-\u00e5rige backen har minst sagt \u00e5ldrats bra och h\u00e5ller alltj\u00e4mt h\u00f6g, h\u00f6g SHL-klass.<\/p>\n<p> Source: <a href=\"https:\/\/www.eliteprospects.com\/player\/5545\/erik-gustafsson\" target=\"_blank\" rel=\"noopener noreferrer nofollow\">Erik Gustafsson<\/a> @ Elite Prospects<\/p>\n<p>Forwards<\/p>\n<p>Anton R\u00f6din, Bryn\u00e4s (2)<\/p>\n<p><a href=\"https:\/\/hockeysverige.se\/spelare\/anton-rodin\/\" rel=\"nofollow noopener\" target=\"_blank\">Anton R\u00f6din<\/a> har varit lite in och ut ur Bryn\u00e4s lag de senaste veckorna, p\u00e5 grund av ett par mindre skador. Men n\u00e4r han v\u00e4l spelat g\u00e5r det att argumentera f\u00f6r att han varit Bryn\u00e4s b\u00e4sta spelare. Han har gjort 13 po\u00e4ng p\u00e5 sina sju senaste matcher i SHL \u2013 imponerande.<\/p>\n<p>Veckan som gick gjorde han 1+4 i m\u00e5lkalaset mot Timr\u00e5 och avgjorde sedan matchen mot <a href=\"https:\/\/hockeysverige.se\/klubb\/rogle-bk\/\" rel=\"nofollow noopener\" target=\"_blank\">R\u00f6gle<\/a> i f\u00f6rl\u00e4ngningen. R\u00f6din, som fyllde 35 \u00e5r i fredags, har precis som Erik Gustafsson \u00e5ldrats b\u00e4ttre \u00e4n man hade kunnat ana.<\/p>\n<p>R\u00f6din \u00e4r faktiskt den blott andra forwarden som kommer med i veckans lag mer \u00e4n en g\u00e5ng. Oscar Lindberg \u00e4r f\u00f6rst\u00e5s den andra \u2013 och han har redan varit med fyra (!) g\u00e5nger.<\/p>\n<p> Source: <a href=\"https:\/\/www.eliteprospects.com\/player\/7084\/anton-rodin\" target=\"_blank\" rel=\"noopener noreferrer nofollow\">Anton R\u00f6din<\/a> @ Elite Prospects<\/p>\n<p>Jack Berglund, F\u00e4rjestad<\/p>\n<p>Inf\u00f6r veckans matcher hade <a href=\"https:\/\/hockeysverige.se\/landslag\/juniorkronorna\/\" rel=\"nofollow noopener\" target=\"_blank\">Juniorkronornas<\/a> h\u00f6rnsten inte gjort en enda po\u00e4ng i SHL den h\u00e4r s\u00e4songen. Nu har han gjort fem. Pl\u00f6tsligt lossnade allt f\u00f6r Berglund.<\/p>\n<p><a href=\"https:\/\/hockeysverige.se\/spelare\/jack-berglund\/\" rel=\"nofollow noopener\" target=\"_blank\">Jack Berglund<\/a> gjorde 1+2 i torsdags storseger mot HV71 och f\u00f6ljde upp det genom att g\u00f6ra 2+0 i l\u00f6rdagens seger mot <a href=\"https:\/\/hockeysverige.se\/klubb\/djurgardens-if-hockey\/\" rel=\"nofollow noopener\" target=\"_blank\">Djurg\u00e5rden<\/a>. Och pl\u00f6tsligt st\u00e5r Berglund p\u00e5 fem po\u00e4ng i SHL den h\u00e4r s\u00e4songen.<\/p>\n<p>H\u00e5ller <a href=\"https:\/\/hockeysverige.se\/klubb\/farjestad-bk\/\" rel=\"nofollow noopener\" target=\"_blank\">F\u00e4rjestadstalangen<\/a> i den h\u00e4r formen en m\u00e5nad till kommer det bli ett roligt <a href=\"https:\/\/hockeysverige.se\/junior-vm\/\" rel=\"nofollow noopener\" target=\"_blank\">JVM<\/a> f\u00f6r Sverige. F\u00f6r han \u00e4r ju inte direkt den enda junioren som levererar just nu\u2026<\/p>\n<p> Source: <a href=\"https:\/\/www.eliteprospects.com\/player\/714281\/jack-berglund\" target=\"_blank\" rel=\"noopener noreferrer nofollow\">Jack Berglund<\/a> @ Elite Prospects<\/p>\n<p>Ivar Stenberg, Fr\u00f6lunda<\/p>\n<p>Ja, p\u00e5 tal om juniorer \u2013 ingen junior \u00e4r hetare \u00e4n <a href=\"https:\/\/hockeysverige.se\/klubb\/frolunda-hc\/\" rel=\"nofollow noopener\" target=\"_blank\">Fr\u00f6lundas<\/a> <a href=\"https:\/\/hockeysverige.se\/spelare\/ivar-stenberg\/\" rel=\"nofollow noopener\" target=\"_blank\">Ivar Stenberg<\/a>. Att han skulle vara bra i SHL den h\u00e4r s\u00e4songen, det f\u00f6rstod vi efter att ha sett honom i v\u00e5rens slutspel. Men att han skulle vara s\u00e5 h\u00e4r bra tror jag absolut ingen hade kunnat ana. Men faktum \u00e4r ju att Ivar Stenberg h\u00e5ller toppklass.<\/p>\n<p>07:an har gjort otroliga 20 po\u00e4ng p\u00e5 21 matcher och f\u00f6rra veckan blev det en po\u00e4ng i 3-0-segern mot <a href=\"https:\/\/hockeysverige.se\/klubb\/malmo-redhawks\/\" rel=\"nofollow noopener\" target=\"_blank\">Malm\u00f6<\/a> och fyra po\u00e4ng (1+3) i 5-2-segern mot <a href=\"https:\/\/hockeysverige.se\/klubb\/leksands-if\/\" rel=\"nofollow noopener\" target=\"_blank\">Leksand<\/a>.<\/p>\n<p>Wow, s\u00e4ger jag bara.<\/p>\n<p> Source: <a href=\"https:\/\/www.eliteprospects.com\/player\/689912\/ivar-stenberg\" target=\"_blank\" rel=\"noopener noreferrer nofollow\">Ivar Stenberg<\/a> @ Elite Prospects<\/p>\n","protected":false},"excerpt":{"rendered":"En ny SHL-vecka \u00e4r f\u00e4rdigspelad. D\u00e4rf\u00f6r plockar M\u00e5ns Karlsson ut s\u00e4songens nionde \u201dVeckans lag\u201d i\u00a0SHL. B\u00e5de veteraner och&hellip;\n","protected":false},"author":2,"featured_media":89444,"comment_status":"","ping_status":"","sticky":false,"template":"","format":"standard","meta":{"footnotes":""},"categories":[68],"tags":[34,133,111,110,31,33,32,30,355],"class_list":{"0":"post-89443","1":"post","2":"type-post","3":"status-publish","4":"format-standard","5":"has-post-thumbnail","7":"category-sport","8":"tag-se","9":"tag-second-news","10":"tag-sport","11":"tag-sports","12":"tag-svenska","13":"tag-sverige","14":"tag-sweden","15":"tag-swedish","16":"tag-talang"},"share_on_mastodon":{"url":"https:\/\/pubeurope.com\/@se\/115610922709994058","error":""},"_links":{"self":[{"href":"https:\/\/www.europesays.com\/se\/wp-json\/wp\/v2\/posts\/89443","targetHints":{"allow":["GET"]}}],"collection":[{"href":"https:\/\/www.europesays.com\/se\/wp-json\/wp\/v2\/posts"}],"about":[{"href":"https:\/\/www.europesays.com\/se\/wp-json\/wp\/v2\/types\/post"}],"author":[{"embeddable":true,"href":"https:\/\/www.europesays.com\/se\/wp-json\/wp\/v2\/users\/2"}],"replies":[{"embeddable":true,"href":"https:\/\/www.europesays.com\/se\/wp-json\/wp\/v2\/comments?post=89443"}],"version-history":[{"count":0,"href":"https:\/\/www.europesays.com\/se\/wp-json\/wp\/v2\/posts\/89443\/revisions"}],"wp:featuredmedia":[{"embeddable":true,"href":"https:\/\/www.europesays.com\/se\/wp-json\/wp\/v2\/media\/89444"}],"wp:attachment":[{"href":"https:\/\/www.europesays.com\/se\/wp-json\/wp\/v2\/media?parent=89443"}],"wp:term":[{"taxonomy":"category","embeddable":true,"href":"https:\/\/www.europesays.com\/se\/wp-json\/wp\/v2\/categories?post=89443"},{"taxonomy":"post_tag","embeddable":true,"href":"https:\/\/www.europesays.com\/se\/wp-json\/wp\/v2\/tags?post=89443"}],"curies":[{"name":"wp","href":"https:\/\/api.w.org\/{rel}","templated":true}]}}