{"id":89512,"date":"2025-11-25T16:30:13","date_gmt":"2025-11-25T16:30:13","guid":{"rendered":"https:\/\/www.europesays.com\/se\/89512\/"},"modified":"2025-11-25T16:30:13","modified_gmt":"2025-11-25T16:30:13","slug":"darfor-ar-marco-rubio-sa-viktig-for-europa-och-ukraina","status":"publish","type":"post","link":"https:\/\/www.europesays.com\/se\/89512\/","title":{"rendered":"D\u00e4rf\u00f6r \u00e4r Marco Rubio s\u00e5 viktig f\u00f6r Europa och Ukraina"},"content":{"rendered":"<p>Mats Larsson<\/p>\n<p>Publicerad 25 nov 2025 kl 14.31Uppdaterad kl 16.30<\/p>\n<p>Det \u00e4r bara f\u00f6r Ukraina och Europa att h\u00e5lla tummarna.<\/p>\n<p>Att Marco Rubio f\u00e5r beh\u00e5lla jobbet.<\/p>\n<p>V\u00e5r man i Washington.<\/p>\n<p><img   alt=\"\"\/><\/p>\n<p>USA:s utrikesminister Marco Rubio.<\/p>\n<p>Foto: EPA\/KEYSTONE<\/p>\n<p>\u00d6ppna bild i helsk\u00e4rm<\/p>\n<p>Detta \u00e4r en kommenterande text. Analys och st\u00e4llningstaganden \u00e4r skribentens.<\/p>\n<p><img   alt=\"\"\/>Mats Larsson<\/p>\n<p>Det \u00e4r \u00e5ter dagar av diplomatisk dramatik kring Ukraina d\u00e4r det som skrivs i en kr\u00f6nika som denna riskerar bli inaktuellt innan den ens \u00e4r f\u00e4rdigskriven.<\/p>\n<p>S\u00e4kert \u00e4r att f\u00f6rra veckan var en n\u00e4ra d\u00f6den-upplevelse f\u00f6r Europas och Ukrainas ledare.<\/p>\n<p><strong>Vi stod p\u00e5 randen till en v\u00e4rld d\u00e4r USA och Ryssland p\u00e5 egen hand verkade g\u00f6ra upp om Ukrainas framtid och d\u00e4r president Volodymyr Zelenskyj hade fram till torsdag denna vecka att s\u00e4ga ja och amen.<\/strong><\/p>\n<p><strong>Europas huvudst\u00e4der var inte informerade om 28-punkts planen. Ja, inte ens USA:s egen utrikesminister Marco Rubio fick se den i sin helhet f\u00f6rr\u00e4n f\u00f6rra m\u00e5ndagen, enligt Wall Street Journal.<\/strong><\/p>\n<p>Det var samma kv\u00e4ll som planen l\u00e4ckte till nyhetssajten Axios, den 28-punkts plan som USA:s s\u00e4ndebud Steve Witkoff och Trumps sv\u00e4rson Jared Kushner f\u00f6rfattat ihop.<\/p>\n<p>De tv\u00e5 hade d\u00e5 bland annat suttit under en helg i oktober med Vladimir Putins man, Kirill Dmitrjev. M\u00e5nga av ryssens synpunkter arbetade sig in bland de 28 punkterna.<\/p>\n<p>Men flera av dem har nu strukits. Detta efter helgens m\u00f6ten i Gen\u00e8ve med f\u00f6retr\u00e4dare f\u00f6r b\u00e5de Ukraina och nationella s\u00e4kerhetsr\u00e5dgivare fr\u00e5n Storbritannien, Tyskland och Frankrike.<\/p>\n<p>Och minst lika viktigt. Denna g\u00e5ng var USA:s utrikesminister <a href=\"https:\/\/www.expressen.se\/tagg\/person\/marco-rubio\/\" class=\"\" rel=\"nofollow noopener\" target=\"_blank\">Marco Rubio<\/a> p\u00e5 banan och p\u00e5 plats i Schweiz.<\/p>\n<p>Han har en tung roll i Trumps administration. Han har ocks\u00e5 jobbet som nationell s\u00e4kerhetsr\u00e5dgivare.<\/p>\n<p><strong>Det var till honom m\u00e5nga europeiska ledare ringde uppr\u00f6rt i f\u00f6rra veckan. Han beh\u00f6ver inte \u00f6vertalas om vikten av att Ukraina inte tvingas till en fred d\u00e4r Ryssland kan ses som segrare.<\/strong><\/p>\n<p><strong>Flera k\u00e4llor med insyn i samtalen uppger f\u00f6r Politico att inneh\u00e5llet i samtalen \u00e4ndrades n\u00e4r Rubio v\u00e4l var p\u00e5 plats.<\/strong><\/p>\n<p>\u2013 Vi anser att Rubios medverkan i de fortsatta samtalen \u00e4r viktigt, s\u00e4ger en k\u00e4lla fr\u00e5n ett Nato-land till nyhetssajten.<\/p>\n<p>Resultatet av helgens samtal blev en nedbantad fredsplan, nu tydligen 19 punkter l\u00e5ng, som mer tar h\u00e4nsyn till ukrainska och europeiska inv\u00e4ndningar.<\/p>\n<p>Samtal fortsatte i Abu Dhabi under tisdagen under ledning av Dan Driscoll, en av Pentagons h\u00f6gst uppsatta chefer och en n\u00e4ra allierad med USA:s vicepresident JD Vance.<\/p>\n<p>Det var Driscoll som i f\u00f6rra veckan bes\u00f6kte Kiev och d\u00e4r antydde att om Ukraina inte gick med p\u00e5 28-punktsplanen s\u00e5 kunde all amerikansk hj\u00e4lp till Ukraina upph\u00f6ra.<\/p>\n<blockquote><p>Putin \u00e4r garanterat inte n\u00f6jd med f\u00f6r\u00e4ndringarna i planen<\/p><\/blockquote>\n<p>Vance och Rubio tillh\u00f6r olika l\u00e4ger n\u00e4r det g\u00e4ller synen p\u00e5 Ukraina. Vance har l\u00e4nge f\u00f6respr\u00e5kat minskat amerikanskt st\u00f6d och engagemang f\u00f6r Kiev.<\/p>\n<p>Det verkar som om Rubio f\u00f6r tillf\u00e4llet dragit det l\u00e4ngre str\u00e5et. Trump uttryckte pl\u00f6tsligt optimism efter helgens samtal.<\/p>\n<p>Annons<\/p>\n<p>Och torsdagens deadline f\u00f6r Zelenskyj verkar nu inte l\u00e4ngre g\u00e4lla. Det blir dock antagligen inom kort ett m\u00f6te mellan Zelenskyj och Trump i USA.<\/p>\n<p>President Trump har fr\u00e5n b\u00f6rjan signalerat att han vill ha ett slut p\u00e5 kriget och det var hans genombrott i Gaza som fick honom att uppmana Witkoff och Kushner att nu fokusera p\u00e5 Ukraina.<\/p>\n<p>Den \u00f6kade amerikanska pressen p\u00e5 president Zelenskyj kom ocks\u00e5 efter avsl\u00f6jandet om en stor korruptionsskandal som bland annat lett till ett par ukrainska ministrars avg\u00e5ng.<\/p>\n<p>Rysslands Vladimir Putin \u00e4r garanterat inte n\u00f6jd med f\u00f6r\u00e4ndringarna i planen som skett under helgen. Kreml har redan signalerat sitt missn\u00f6je.<\/p>\n<p>Putin hoppas p\u00e5 en fredsuppg\u00f6relse som skapar ett svagt och underl\u00e4gset Ukraina, eller att Trump till slut ska tr\u00f6ttna p\u00e5 allt och l\u00e5ta europ\u00e9erna p\u00e5 egen hand f\u00f6rs\u00f6ka hj\u00e4lpa Kiev.<\/p>\n<p><strong>Under n\u00e5gra dagar i f\u00f6rra veckan s\u00e5g det ut som om Putin var p\u00e5 v\u00e4g att f\u00e5 sin vilja fram med 28-punktsplanen. Marco Rubio tycks ha satt stopp f\u00f6r det.<\/strong><\/p>\n<p>F\u00f6r tillf\u00e4llet. Men Putin och Kreml kommer \u00e4ven i forts\u00e4ttningen att g\u00f6ra allt f\u00f6r att Zelenskyj och Ukraina ska framst\u00e5 som bromsklossarna f\u00f6r Trumps fred.<\/p>\n<p>Och Putin l\u00e4r hoppas p\u00e5 ett inl\u00e4gg fr\u00e5n Trump p\u00e5 sociala medieplattformen Truth Social en morgon om att USA:s president best\u00e4mt sig f\u00f6r att utse en ny utrikesminister.<\/p>\n<p><img alt=\"\"\/>Ljudklippet gick inte att spela upp<\/p>\n<p>F\u00f6rs\u00f6k igen senare<\/p>\n","protected":false},"excerpt":{"rendered":"Mats Larsson Publicerad 25 nov 2025 kl 14.31Uppdaterad kl 16.30 Det \u00e4r bara f\u00f6r Ukraina och Europa att&hellip;\n","protected":false},"author":2,"featured_media":89513,"comment_status":"","ping_status":"","sticky":false,"template":"","format":"standard","meta":{"footnotes":""},"categories":[5],"tags":[22,23,26,27,17,21,24,25,28,29,15,16,198,362,203,906,18,34,1492,31,33,32,30,19,60,20],"class_list":{"0":"post-89512","1":"post","2":"type-post","3":"status-publish","4":"format-standard","5":"has-post-thumbnail","7":"category-rubriker","8":"tag-breaking-news","9":"tag-breakingnews","10":"tag-featured-news","11":"tag-featurednews","12":"tag-headlines","13":"tag-huvudnyheter","14":"tag-latest-news","15":"tag-latestnews","16":"tag-main-news","17":"tag-mainnews","18":"tag-news","19":"tag-nyheter","20":"tag-person-donald-trump","21":"tag-person-marco-rubio","22":"tag-person-vladimir-putin","23":"tag-person-volodymyr-zelenskyj","24":"tag-rubriker","25":"tag-se","26":"tag-sections-matslarsson","27":"tag-svenska","28":"tag-sverige","29":"tag-sweden","30":"tag-swedish","31":"tag-top-stories","32":"tag-topic-krig-konflikt","33":"tag-topstories"},"share_on_mastodon":{"url":"https:\/\/pubeurope.com\/@se\/115611292403687522","error":""},"_links":{"self":[{"href":"https:\/\/www.europesays.com\/se\/wp-json\/wp\/v2\/posts\/89512","targetHints":{"allow":["GET"]}}],"collection":[{"href":"https:\/\/www.europesays.com\/se\/wp-json\/wp\/v2\/posts"}],"about":[{"href":"https:\/\/www.europesays.com\/se\/wp-json\/wp\/v2\/types\/post"}],"author":[{"embeddable":true,"href":"https:\/\/www.europesays.com\/se\/wp-json\/wp\/v2\/users\/2"}],"replies":[{"embeddable":true,"href":"https:\/\/www.europesays.com\/se\/wp-json\/wp\/v2\/comments?post=89512"}],"version-history":[{"count":0,"href":"https:\/\/www.europesays.com\/se\/wp-json\/wp\/v2\/posts\/89512\/revisions"}],"wp:featuredmedia":[{"embeddable":true,"href":"https:\/\/www.europesays.com\/se\/wp-json\/wp\/v2\/media\/89513"}],"wp:attachment":[{"href":"https:\/\/www.europesays.com\/se\/wp-json\/wp\/v2\/media?parent=89512"}],"wp:term":[{"taxonomy":"category","embeddable":true,"href":"https:\/\/www.europesays.com\/se\/wp-json\/wp\/v2\/categories?post=89512"},{"taxonomy":"post_tag","embeddable":true,"href":"https:\/\/www.europesays.com\/se\/wp-json\/wp\/v2\/tags?post=89512"}],"curies":[{"name":"wp","href":"https:\/\/api.w.org\/{rel}","templated":true}]}}